{"id":3863,"date":"2024-12-25T16:00:00","date_gmt":"2024-12-25T15:00:00","guid":{"rendered":"https:\/\/lafilledesalpes.com\/?p=3863"},"modified":"2026-04-22T16:39:54","modified_gmt":"2026-04-22T14:39:54","slug":"8-idees-de-randonnees-raquettes-faciles-dans-les-alpes","status":"publish","type":"post","link":"https:\/\/lafilledesalpes.com\/index.php\/2024\/12\/25\/8-idees-de-randonnees-raquettes-faciles-dans-les-alpes\/","title":{"rendered":"8 id\u00e9es de randonn\u00e9es raquette faciles dans les Alpes"},"content":{"rendered":"\n<p>Envie de profiter de la magie de l\u2019hiver en montagne sans te lancer dans une exp\u00e9dition difficile ? Les Alpes regorgent de sentiers accessibles, parfaits pour d\u00e9couvrir la randonn\u00e9e hivernale. Que tu sois d\u00e9butant ou simplement \u00e0 la recherche d\u2019une balade tranquille pour admirer les paysages enneig\u00e9s, ces endroits te permettront de vivre une exp\u00e9rience m\u00e9morable. Voici une s\u00e9lection des meilleures randonn\u00e9es raquette dans les Alpes, pour t\u2019\u00e9vader dans un d\u00e9cor f\u00e9\u00e9rique.<\/p>\n\n\n\n<p>L\u2019avantage des randonn\u00e9es en raquettes, c\u2019est qu\u2019elles te permettent de profiter du calme de la montagne, loin des pistes de ski bond\u00e9es. C\u2019est une fa\u00e7on plus lente et immersive de d\u00e9couvrir les Alpes, tout en respectant l\u2019environnement.<\/p>\n\n\n\n<div class=\"wp-block-columns is-layout-flex wp-container-core-columns-is-layout-3b693de2 wp-block-columns-is-layout-flex\">\n<div class=\"wp-block-column is-layout-flow wp-block-column-is-layout-flow\" style=\"flex-basis:50%\">\n<figure class=\"wp-block-image\"><img decoding=\"async\" src=\"https:\/\/lafilledesalpes.com\/wp-content\/uploads\/2024\/12\/935A9089.webp\" alt=\"raquette dans la neige\"\/><\/figure>\n<\/div>\n\n\n\n<div class=\"wp-block-column is-layout-flow wp-block-column-is-layout-flow\" style=\"flex-basis:50%\">\n<figure class=\"wp-block-image\"><img decoding=\"async\" src=\"https:\/\/lafilledesalpes.com\/wp-content\/uploads\/2024\/12\/935A9265.webp\" alt=\"raquettes dans la neige\"\/><\/figure>\n<\/div>\n<\/div>\n\n\n\n<h2 class=\"wp-block-heading\">Comment te pr\u00e9parer pour une randonn\u00e9e raquette ?<\/h2>\n\n\n\n<p>Avant de partir \u00e0 l\u2019aventure, une bonne pr\u00e9paration est essentielle pour que ta sortie soit un succ\u00e8s. Voici quelques conseils pratiques :<\/p>\n\n\n\n<ul class=\"wp-block-list\">\n<li><strong>Choisis les bonnes raquettes et b\u00e2tons<\/strong> : loue ton \u00e9quipement dans une boutique de sport pr\u00e8s de ton lieu de randonn\u00e9e ou via la plateforme <a href=\"https:\/\/www.lokki.rent\/\">Lokki.rent<\/a> qui te facilite l\u2019organisation. Les raquettes modernes sont adapt\u00e9es \u00e0 diff\u00e9rents types de terrains, alors demande conseil pour choisir celles qui te conviennent le mieux.<\/li>\n\n\n\n<li><strong>Habille-toi en multicouches<\/strong> : pr\u00e9vois des v\u00eatements respirants et isolants pour rester au chaud tout en \u00e9vitant de transpirer. Une veste coupe-vent et imperm\u00e9able est indispensable.<\/li>\n\n\n\n<li><strong>Opte pour des chaussures montantes et \u00e9tanches<\/strong> : les chaussures de randonn\u00e9e hivernale sont id\u00e9ales pour rester au sec et avoir une bonne adh\u00e9rence.<\/li>\n\n\n\n<li><strong>Prends un sac \u00e0 dos bien \u00e9quip\u00e9<\/strong> : mets-y de l\u2019eau, des encas \u00e9nerg\u00e9tiques, une carte, une boussole, et une trousse de premiers secours.<\/li>\n\n\n\n<li><strong>V\u00e9rifie les conditions m\u00e9t\u00e9o et de la neige<\/strong> : consulte la m\u00e9t\u00e9o et les bulletins d\u2019avalanche avant de partir. Choisis des sentiers bien dam\u00e9s et \u00e9vite les zones hors-piste.<\/li>\n<\/ul>\n\n\n\n<figure class=\"wp-block-image\"><img decoding=\"async\" src=\"https:\/\/lafilledesalpes.com\/wp-content\/uploads\/2024\/12\/935A8995-Enhanced-NR-1.webp\" alt=\"chalet devant le mont blanc dans la neige avec des sapins\"\/><\/figure>\n\n\n\n<h2 class=\"wp-block-heading\">Les meilleures randonn\u00e9es raquettes faciles dans les Alpes<\/h2>\n\n\n\n<p>Les Alpes offrent une multitude de sentiers accessibles aux d\u00e9butants et aux familles. Voici une s\u00e9lection des meilleurs itin\u00e9raires pour une exp\u00e9rience inoubliable.<\/p>\n\n\n\n<figure class=\"wp-block-image\"><img decoding=\"async\" src=\"https:\/\/lafilledesalpes.com\/wp-content\/uploads\/2024\/12\/935A0243-Enhanced-NR.webp\" alt=\"for\u00eat de sapins enneig\u00e9s au soleil\"\/><\/figure>\n\n\n\n<h3 class=\"wp-block-heading\"><u>Raquettes en Haute-Savoie<\/u><\/h3>\n\n\n\n<h4 class=\"wp-block-heading\">Le Lac de Montriond<\/h4>\n\n\n\n<ul class=\"wp-block-list\">\n<li><strong>Pourquoi y aller ?<\/strong> Le lac de Montriond est un lieu magique, surtout en hiver. Entour\u00e9 de montagnes enneig\u00e9es, il offre une atmosph\u00e8re apaisante et un d\u00e9cor idyllique pour une balade facile. La boucle autour du lac est accessible \u00e0 tous les niveaux.<\/li>\n\n\n\n<li><strong>Acc\u00e8s<\/strong> : depuis le village de Montriond, tu peux te garer directement pr\u00e8s du lac. Le point de d\u00e9part du sentier est bien indiqu\u00e9.<\/li>\n\n\n\n<li><strong>Dur\u00e9e<\/strong> : compte environ 2h30 pour faire le tour du lac. Si tu veux prolonger la balade, des chemins m\u00e8nent \u00e0 des cascades gel\u00e9es \u00e0 proximit\u00e9.<\/li>\n\n\n\n<li><strong>Astuce<\/strong> : pr\u00e9vois un thermos de chocolat chaud pour une pause avec vue sur le lac gel\u00e9.<\/li>\n<\/ul>\n\n\n\n<figure class=\"wp-block-image\"><img decoding=\"async\" src=\"https:\/\/lafilledesalpes.com\/wp-content\/uploads\/2024\/12\/935A0234.webp\" alt=\"sapin enneig\u00e9 au soleil\"\/><\/figure>\n\n\n\n<h4 class=\"wp-block-heading\">Le Tour des Ay\u00e8res en raquettes<\/h4>\n\n\n\n<ul class=\"wp-block-list\">\n<li><strong>Pourquoi y aller ?<\/strong> Ce sentier offre une vue imprenable sur le massif du Mont-Blanc. C\u2019est une balade id\u00e9ale pour les amateurs de raquettes qui recherchent un itin\u00e9raire \u00e0 la fois accessible et spectaculaire.<\/li>\n\n\n\n<li><strong>Acc\u00e8s<\/strong> : le d\u00e9part se fait depuis le parking de Plaine-Joux, \u00e0 Passy. Le chemin est bien balis\u00e9.<\/li>\n\n\n\n<li><strong>Dur\u00e9e<\/strong> : la boucle compl\u00e8te dure entre 2h30 et 3h, selon ton rythme.<\/li>\n\n\n\n<li><strong>Astuces<\/strong> : pars t\u00f4t le matin pour \u00e9viter la foule et profiter des lumi\u00e8res matinales sur le Mont-Blanc. N\u2019oublie pas de passer par le sublime Lac Vert\u00a0!<\/li>\n<\/ul>\n\n\n\n<div class=\"wp-block-columns is-not-stacked-on-mobile is-layout-flex wp-container-core-columns-is-layout-3b693de2 wp-block-columns-is-layout-flex\">\n<div class=\"wp-block-column is-layout-flow wp-block-column-is-layout-flow\" style=\"flex-basis:33.34%\">\n<figure class=\"wp-block-image\"><img decoding=\"async\" src=\"https:\/\/lafilledesalpes.com\/wp-content\/uploads\/2024\/12\/935A9107.webp\" alt=\"amis dans la neige faisant des raquettes dans un paysage de montagne\"\/><\/figure>\n<\/div>\n\n\n\n<div class=\"wp-block-column is-layout-flow wp-block-column-is-layout-flow\" style=\"flex-basis:33.34%\">\n<figure class=\"wp-block-image\"><img decoding=\"async\" src=\"https:\/\/lafilledesalpes.com\/wp-content\/uploads\/2024\/12\/935A9125.webp\" alt=\"fille dans la neige devant un paysage de montagne\"\/><\/figure>\n<\/div>\n\n\n\n<div class=\"wp-block-column is-layout-flow wp-block-column-is-layout-flow\" style=\"flex-basis:33.33%\">\n<figure class=\"wp-block-image\"><img decoding=\"async\" src=\"https:\/\/lafilledesalpes.com\/wp-content\/uploads\/2024\/12\/935A9128.webp\" alt=\"fille dans la neige devant un paysage de montagne\"\/><\/figure>\n<\/div>\n<\/div>\n\n\n\n<h4 class=\"wp-block-heading\">Le Grand-Bornand \u2013 La boucle du Lachat<\/h4>\n\n\n\n<ul class=\"wp-block-list\">\n<li><strong>Pourquoi y aller ? <\/strong>Pour ses paysages de montagne authentiques et sa neige poudreuse, id\u00e9ale pour une randonn\u00e9e en raquettes. Ce circuit t\u2019offre une vue splendide sur la vall\u00e9e du Grand-Bornand et les montagnes environnantes.<\/li>\n\n\n\n<li><strong>Acc\u00e8s : <\/strong>depuis le village du Grand-Bornand, dirige-toi vers le d\u00e9part des sentiers au parking du Lachat. Le chemin est bien balis\u00e9.<\/li>\n\n\n\n<li><strong>Dur\u00e9e : <\/strong>environ 2 \u00e0 3 heures pour une boucle mod\u00e9r\u00e9e, accessible \u00e0 tous les niveaux.<\/li>\n\n\n\n<li><strong>Astuce : <\/strong>profite d\u2019une pause pour d\u00e9couvrir des sp\u00e9cialit\u00e9s locales comme la fondue ou les diots.<\/li>\n<\/ul>\n\n\n\n<h3 class=\"wp-block-heading\"><u>Raquettes en Savoie<\/u><\/h3>\n\n\n\n<h4 class=\"wp-block-heading\">La Croix du Nivolet<\/h4>\n\n\n\n<ul class=\"wp-block-list\">\n<li><strong>Pourquoi y aller ?<\/strong> La Croix du Nivolet est un classique de la r\u00e9gion, offrant une vue panoramique exceptionnelle sur Chamb\u00e9ry et ses environs. Le sentier est large et bien dam\u00e9, parfait pour les d\u00e9butants.<\/li>\n\n\n\n<li><strong>Acc\u00e8s<\/strong> : depuis le parking de la F\u00e9claz, le sentier est facilement accessible. Suis les panneaux indiquant \u00ab Croix du Nivolet \u00bb.<\/li>\n\n\n\n<li><strong>Dur\u00e9e<\/strong> : environ 2h30 aller-retour.<\/li>\n\n\n\n<li><strong style=\"font-size: 15px; text-align: justify; color: var(--text-color); letter-spacing: var(--text-tracking);\">Astuces<\/strong> : pense \u00e0 prendre des b\u00e2tons pour te stabiliser lors de la descente.<\/li>\n<\/ul>\n\n\n\n<figure class=\"wp-block-image\"><img decoding=\"async\" src=\"https:\/\/lafilledesalpes.com\/wp-content\/uploads\/2024\/12\/935A0187.webp\" alt=\"paysage de montagne avec une mer de nuage et de la neige\"\/><\/figure>\n\n\n\n<h3 class=\"wp-block-heading\"><u>Raquettes en Is\u00e8re<\/u><\/h3>\n\n\n\n<h4 class=\"wp-block-heading\">Le Lac Achard<\/h4>\n\n\n\n<ul class=\"wp-block-list\">\n<li><strong>Pourquoi y aller ?<\/strong> Ce petit lac nich\u00e9 au c\u0153ur de la montagne est une destination parfaite pour une sortie en famille. Le sentier est facile d\u2019acc\u00e8s et les paysages sont \u00e0 couper le souffle.<\/li>\n\n\n\n<li><strong>Acc\u00e8s<\/strong> : depuis Chamrousse, gare-toi \u00e0 Roche B\u00e9ranger. Le d\u00e9part du sentier est bien indiqu\u00e9.<\/li>\n\n\n\n<li><strong>Dur\u00e9e<\/strong> : 3h aller-retour.<\/li>\n\n\n\n<li><strong>Astuces<\/strong> : apporte de quoi pique-niquer au bord du lac si la m\u00e9t\u00e9o le permet.<\/li>\n<\/ul>\n\n\n\n<div class=\"wp-block-columns is-not-stacked-on-mobile is-layout-flex wp-container-core-columns-is-layout-3b693de2 wp-block-columns-is-layout-flex\">\n<div class=\"wp-block-column is-layout-flow wp-block-column-is-layout-flow\" style=\"flex-basis:33.34%\">\n<figure class=\"wp-block-image\"><img decoding=\"async\" src=\"https:\/\/lafilledesalpes.com\/wp-content\/uploads\/2024\/12\/935A9168.webp\" alt=\"sapin enneig\u00e9\"\/><\/figure>\n<\/div>\n\n\n\n<div class=\"wp-block-column is-layout-flow wp-block-column-is-layout-flow\" style=\"flex-basis:33.34%\">\n<figure class=\"wp-block-image\"><img decoding=\"async\" src=\"https:\/\/lafilledesalpes.com\/wp-content\/uploads\/2024\/12\/935A9170.webp\" alt=\"traces d'animaux dans la neige\"\/><\/figure>\n<\/div>\n\n\n\n<div class=\"wp-block-column is-layout-flow wp-block-column-is-layout-flow\" style=\"flex-basis:33.33%\">\n<figure class=\"wp-block-image\"><img decoding=\"async\" src=\"https:\/\/lafilledesalpes.com\/wp-content\/uploads\/2024\/12\/935A9139.webp\" alt=\"sapin enneig\u00e9\"\/><\/figure>\n<\/div>\n<\/div>\n\n\n\n<h4 class=\"wp-block-heading\">Le Plateau de G\u00e8ve<\/h4>\n\n\n\n<ul class=\"wp-block-list\">\n<li><strong>Pourquoi y aller ?<\/strong> Situ\u00e9 dans le massif du Vercors, le plateau de G\u00e8ve est id\u00e9al pour une balade douce et accessible. C\u2019est un lieu parfait pour les familles et les d\u00e9butants.<\/li>\n\n\n\n<li><strong>Acc\u00e8s<\/strong> : depuis Autrans, suis les indications pour le parking de G\u00e8ve. Le sentier d\u00e9bute \u00e0 proximit\u00e9.<\/li>\n\n\n\n<li><strong>Dur\u00e9e<\/strong> : environ 1h30 pour une boucle facile.<\/li>\n\n\n\n<li><strong>Astuces<\/strong> : combine ta sortie avec une visite des villages pittoresques du Vercors.<\/li>\n<\/ul>\n\n\n\n<h3 class=\"wp-block-heading\"><u>Raquettes dans les Hautes-Alpes<\/u><\/h3>\n\n\n\n<h4 class=\"wp-block-heading\">Le Col du Lautaret<\/h4>\n\n\n\n<ul class=\"wp-block-list\">\n<li><strong>Pourquoi y aller ?<\/strong> Le Col du Lautaret est un lieu embl\u00e9matique des Hautes-Alpes. Ses sentiers enneig\u00e9s offrent une exp\u00e9rience unique avec des vues spectaculaires sur les sommets environnants.<\/li>\n\n\n\n<li><strong>Acc\u00e8s<\/strong> : gare-toi directement au col. Plusieurs itin\u00e9raires d\u00e9marrent depuis le parking.<\/li>\n\n\n\n<li><strong>Dur\u00e9e<\/strong> : les randonn\u00e9es varient de 1h30 \u00e0 3h selon le sentier choisi.<\/li>\n\n\n\n<li><strong>Astuces<\/strong> : prend le temps de visiter le jardin botanique alpin si tu viens en \u00e9t\u00e9.<\/li>\n<\/ul>\n\n\n\n<figure class=\"wp-block-image\"><img decoding=\"async\" src=\"https:\/\/lafilledesalpes.com\/wp-content\/uploads\/2024\/12\/935A9438.webp\" alt=\"bouquetin dans la neige en montagne\"\/><\/figure>\n\n\n\n<h4 class=\"wp-block-heading\">La Vall\u00e9e de la Clar\u00e9e<\/h4>\n\n\n\n<ul class=\"wp-block-list\">\n<li><strong>Pourquoi y aller ?<\/strong> C&#8217;est l&#8217;une des vall\u00e9es les mieux pr\u00e9serv\u00e9es des Alpes. Ses itin\u00e9raires raquettes sont parfaits pour les amoureux de la nature et de la tranquillit\u00e9.<\/li>\n\n\n\n<li><strong>Acc\u00e8s<\/strong> : depuis N\u00e9vache, plusieurs points de d\u00e9part sont disponibles. Choisis un itin\u00e9raire adapt\u00e9 \u00e0 ton niveau.<\/li>\n\n\n\n<li><strong>Dur\u00e9e<\/strong>: compte environ 3h pour une boucle facile.<\/li>\n\n\n\n<li><strong>Astuce<\/strong> : apporte ton appareil photo, les paysages sont dignes d&#8217;une carte postale.<\/li>\n<\/ul>\n\n\n\n<h2 class=\"wp-block-heading\">Conseils pour randonner en raquettes dans les Alpes<\/h2>\n\n\n\n<ul class=\"wp-block-list\">\n<li>Consulte un office de tourisme pour les conditions r\u00e9centes des sentiers ou appel le bureau des guides le plus proche. Les professionnels connaissent les conditions et pourront te conseiller sur les sentiers.<\/li>\n\n\n\n<li>Pars t\u00f4t : en hiver, les journ\u00e9es sont courtes. Commence ta randonn\u00e9e dans la matin\u00e9e pour avoir le temps d&#8217;en profiter.<\/li>\n\n\n\n<li>Apporte une boisson chaude : un thermos de th\u00e9 ou de chocolat chaud rendra ta pause encore plus agr\u00e9able.<\/li>\n\n\n\n<li>Respecte la nature : reste sur les sentiers balis\u00e9s et rapporte tes d\u00e9chets.<\/li>\n<\/ul>\n\n\n\n<figure class=\"wp-block-image\"><img decoding=\"async\" src=\"https:\/\/lafilledesalpes.com\/wp-content\/uploads\/2024\/12\/IMG_1784.webp\" alt=\"chalet devant le mont blanc dans la neige avec\"\/><\/figure>\n\n\n\n<hr class=\"wp-block-separator has-alpha-channel-opacity is-style-dots\"\/>\n\n\n\n<p>Les Alpes regorgent d&#8217;itin\u00e9raires raquettes faciles et accessibles. Que tu sois seul, en famille ou entre amis, ces randonn\u00e9es te permettent de d\u00e9couvrir la montagne sous un autre angle. Alors, chausse tes raquettes et pars \u00e0 l&#8217;aventure !<\/p>\n\n\n\n<p><\/p>\n","protected":false},"excerpt":{"rendered":"<p>Une promesse : l&#8217;\u00e9merveillement ! Ces lieux sont si beaux.<\/p>\n","protected":false},"author":1,"featured_media":3875,"comment_status":"open","ping_status":"open","sticky":false,"template":"","format":"standard","meta":{"_acf_changed":false,"pgc_sgb_lightbox_settings":"","footnotes":""},"categories":[95,131,116,118,120,123,134,122,94,139,117,121,119],"tags":[],"class_list":["post-3863","post","type-post","status-publish","format-standard","has-post-thumbnail","hentry","category-alpes-francaises","category-conseils-rando","category-destination","category-experience","category-haute-savoie","category-hautes-alpes","category-hiver","category-isere","category-randonnees","category-raquettes-a-neige","category-saison","category-savoie","category-type"],"acf":[],"yoast_head":"<!-- This site is optimized with the Yoast SEO plugin v27.4 - https:\/\/yoast.com\/product\/yoast-seo-wordpress\/ -->\n<title>8 id\u00e9es de randonn\u00e9es raquette faciles dans les Alpes - La Fille des Alpes<\/title>\n<meta name=\"description\" content=\"Explorez les plus beaux spots de randonn\u00e9es raquette accessibles dans les Alpes pour une immersion en pleine nature !\" \/>\n<meta name=\"robots\" content=\"index, follow, max-snippet:-1, max-image-preview:large, max-video-preview:-1\" \/>\n<link rel=\"canonical\" href=\"https:\/\/lafilledesalpes.com\/index.php\/2024\/12\/25\/8-idees-de-randonnees-raquettes-faciles-dans-les-alpes\/\" \/>\n<meta property=\"og:locale\" content=\"fr_FR\" \/>\n<meta property=\"og:type\" content=\"article\" \/>\n<meta property=\"og:title\" content=\"8 id\u00e9es de randonn\u00e9es raquette faciles dans les Alpes - La Fille des Alpes\" \/>\n<meta property=\"og:description\" content=\"Explorez les plus beaux spots de randonn\u00e9es raquette accessibles dans les Alpes pour une immersion en pleine nature !\" \/>\n<meta property=\"og:url\" content=\"https:\/\/lafilledesalpes.com\/index.php\/2024\/12\/25\/8-idees-de-randonnees-raquettes-faciles-dans-les-alpes\/\" \/>\n<meta property=\"og:site_name\" content=\"La Fille des Alpes\" \/>\n<meta property=\"article:published_time\" content=\"2024-12-25T15:00:00+00:00\" \/>\n<meta property=\"article:modified_time\" content=\"2026-04-22T14:39:54+00:00\" \/>\n<meta property=\"og:image\" content=\"https:\/\/lafilledesalpes.com\/wp-content\/uploads\/2024\/12\/935A0227.webp\" \/>\n\t<meta property=\"og:image:width\" content=\"2000\" \/>\n\t<meta property=\"og:image:height\" content=\"1333\" \/>\n\t<meta property=\"og:image:type\" content=\"image\/webp\" \/>\n<meta name=\"author\" content=\"lafilledesalpes\" \/>\n<meta name=\"twitter:card\" content=\"summary_large_image\" \/>\n<meta name=\"twitter:label1\" content=\"\u00c9crit par\" \/>\n\t<meta name=\"twitter:data1\" content=\"lafilledesalpes\" \/>\n\t<meta name=\"twitter:label2\" content=\"Dur\u00e9e de lecture estim\u00e9e\" \/>\n\t<meta name=\"twitter:data2\" content=\"9 minutes\" \/>\n<script type=\"application\/ld+json\" class=\"yoast-schema-graph\">{\"@context\":\"https:\\\/\\\/schema.org\",\"@graph\":[{\"@type\":\"Article\",\"@id\":\"https:\\\/\\\/lafilledesalpes.com\\\/index.php\\\/2024\\\/12\\\/25\\\/8-idees-de-randonnees-raquettes-faciles-dans-les-alpes\\\/#article\",\"isPartOf\":{\"@id\":\"https:\\\/\\\/lafilledesalpes.com\\\/index.php\\\/2024\\\/12\\\/25\\\/8-idees-de-randonnees-raquettes-faciles-dans-les-alpes\\\/\"},\"author\":{\"name\":\"lafilledesalpes\",\"@id\":\"https:\\\/\\\/lafilledesalpes.com\\\/#\\\/schema\\\/person\\\/39460442cd595f31ae42021c980ad6e0\"},\"headline\":\"8 id\u00e9es de randonn\u00e9es raquette faciles dans les Alpes\",\"datePublished\":\"2024-12-25T15:00:00+00:00\",\"dateModified\":\"2026-04-22T14:39:54+00:00\",\"mainEntityOfPage\":{\"@id\":\"https:\\\/\\\/lafilledesalpes.com\\\/index.php\\\/2024\\\/12\\\/25\\\/8-idees-de-randonnees-raquettes-faciles-dans-les-alpes\\\/\"},\"wordCount\":1242,\"commentCount\":0,\"publisher\":{\"@id\":\"https:\\\/\\\/lafilledesalpes.com\\\/#organization\"},\"image\":{\"@id\":\"https:\\\/\\\/lafilledesalpes.com\\\/index.php\\\/2024\\\/12\\\/25\\\/8-idees-de-randonnees-raquettes-faciles-dans-les-alpes\\\/#primaryimage\"},\"thumbnailUrl\":\"https:\\\/\\\/lafilledesalpes.com\\\/wp-content\\\/uploads\\\/2024\\\/12\\\/935A0227.webp\",\"articleSection\":[\"Alpes fran\u00e7aises\",\"Conseils rando\",\"Destination\",\"Exp\u00e9rience\",\"Haute-Savoie\",\"Hautes-Alpes\",\"Hiver\",\"Is\u00e8re\",\"Randonn\u00e9es\",\"Raquettes \u00e0 neige\",\"Saison\",\"Savoie\",\"Type\"],\"inLanguage\":\"fr-FR\",\"potentialAction\":[{\"@type\":\"CommentAction\",\"name\":\"Comment\",\"target\":[\"https:\\\/\\\/lafilledesalpes.com\\\/index.php\\\/2024\\\/12\\\/25\\\/8-idees-de-randonnees-raquettes-faciles-dans-les-alpes\\\/#respond\"]}]},{\"@type\":\"WebPage\",\"@id\":\"https:\\\/\\\/lafilledesalpes.com\\\/index.php\\\/2024\\\/12\\\/25\\\/8-idees-de-randonnees-raquettes-faciles-dans-les-alpes\\\/\",\"url\":\"https:\\\/\\\/lafilledesalpes.com\\\/index.php\\\/2024\\\/12\\\/25\\\/8-idees-de-randonnees-raquettes-faciles-dans-les-alpes\\\/\",\"name\":\"8 id\u00e9es de randonn\u00e9es raquette faciles dans les Alpes - La Fille des Alpes\",\"isPartOf\":{\"@id\":\"https:\\\/\\\/lafilledesalpes.com\\\/#website\"},\"primaryImageOfPage\":{\"@id\":\"https:\\\/\\\/lafilledesalpes.com\\\/index.php\\\/2024\\\/12\\\/25\\\/8-idees-de-randonnees-raquettes-faciles-dans-les-alpes\\\/#primaryimage\"},\"image\":{\"@id\":\"https:\\\/\\\/lafilledesalpes.com\\\/index.php\\\/2024\\\/12\\\/25\\\/8-idees-de-randonnees-raquettes-faciles-dans-les-alpes\\\/#primaryimage\"},\"thumbnailUrl\":\"https:\\\/\\\/lafilledesalpes.com\\\/wp-content\\\/uploads\\\/2024\\\/12\\\/935A0227.webp\",\"datePublished\":\"2024-12-25T15:00:00+00:00\",\"dateModified\":\"2026-04-22T14:39:54+00:00\",\"description\":\"Explorez les plus beaux spots de randonn\u00e9es raquette accessibles dans les Alpes pour une immersion en pleine nature !\",\"breadcrumb\":{\"@id\":\"https:\\\/\\\/lafilledesalpes.com\\\/index.php\\\/2024\\\/12\\\/25\\\/8-idees-de-randonnees-raquettes-faciles-dans-les-alpes\\\/#breadcrumb\"},\"inLanguage\":\"fr-FR\",\"potentialAction\":[{\"@type\":\"ReadAction\",\"target\":[\"https:\\\/\\\/lafilledesalpes.com\\\/index.php\\\/2024\\\/12\\\/25\\\/8-idees-de-randonnees-raquettes-faciles-dans-les-alpes\\\/\"]}]},{\"@type\":\"ImageObject\",\"inLanguage\":\"fr-FR\",\"@id\":\"https:\\\/\\\/lafilledesalpes.com\\\/index.php\\\/2024\\\/12\\\/25\\\/8-idees-de-randonnees-raquettes-faciles-dans-les-alpes\\\/#primaryimage\",\"url\":\"https:\\\/\\\/lafilledesalpes.com\\\/wp-content\\\/uploads\\\/2024\\\/12\\\/935A0227.webp\",\"contentUrl\":\"https:\\\/\\\/lafilledesalpes.com\\\/wp-content\\\/uploads\\\/2024\\\/12\\\/935A0227.webp\",\"width\":2000,\"height\":1333,\"caption\":\"paysage du mont blanc avec une mer de nuage et de la neige\"},{\"@type\":\"BreadcrumbList\",\"@id\":\"https:\\\/\\\/lafilledesalpes.com\\\/index.php\\\/2024\\\/12\\\/25\\\/8-idees-de-randonnees-raquettes-faciles-dans-les-alpes\\\/#breadcrumb\",\"itemListElement\":[{\"@type\":\"ListItem\",\"position\":1,\"name\":\"Accueil\",\"item\":\"https:\\\/\\\/lafilledesalpes.com\\\/\"},{\"@type\":\"ListItem\",\"position\":2,\"name\":\"8 id\u00e9es de randonn\u00e9es raquette faciles dans les Alpes\"}]},{\"@type\":\"WebSite\",\"@id\":\"https:\\\/\\\/lafilledesalpes.com\\\/#website\",\"url\":\"https:\\\/\\\/lafilledesalpes.com\\\/\",\"name\":\"La fille des Alpes\",\"description\":\"Aventures, Road-trip &amp; Montagne\",\"publisher\":{\"@id\":\"https:\\\/\\\/lafilledesalpes.com\\\/#organization\"},\"potentialAction\":[{\"@type\":\"SearchAction\",\"target\":{\"@type\":\"EntryPoint\",\"urlTemplate\":\"https:\\\/\\\/lafilledesalpes.com\\\/?s={search_term_string}\"},\"query-input\":{\"@type\":\"PropertyValueSpecification\",\"valueRequired\":true,\"valueName\":\"search_term_string\"}}],\"inLanguage\":\"fr-FR\"},{\"@type\":\"Organization\",\"@id\":\"https:\\\/\\\/lafilledesalpes.com\\\/#organization\",\"name\":\"La fille des Alpes\",\"url\":\"https:\\\/\\\/lafilledesalpes.com\\\/\",\"logo\":{\"@type\":\"ImageObject\",\"inLanguage\":\"fr-FR\",\"@id\":\"https:\\\/\\\/lafilledesalpes.com\\\/#\\\/schema\\\/logo\\\/image\\\/\",\"url\":\"https:\\\/\\\/lafilledesalpes.com\\\/wp-content\\\/uploads\\\/2024\\\/10\\\/La-fille-des-Alpes-LOGO-sans-texte.png\",\"contentUrl\":\"https:\\\/\\\/lafilledesalpes.com\\\/wp-content\\\/uploads\\\/2024\\\/10\\\/La-fille-des-Alpes-LOGO-sans-texte.png\",\"width\":1181,\"height\":1181,\"caption\":\"La fille des Alpes\"},\"image\":{\"@id\":\"https:\\\/\\\/lafilledesalpes.com\\\/#\\\/schema\\\/logo\\\/image\\\/\"}},{\"@type\":\"Person\",\"@id\":\"https:\\\/\\\/lafilledesalpes.com\\\/#\\\/schema\\\/person\\\/39460442cd595f31ae42021c980ad6e0\",\"name\":\"lafilledesalpes\",\"image\":{\"@type\":\"ImageObject\",\"inLanguage\":\"fr-FR\",\"@id\":\"https:\\\/\\\/secure.gravatar.com\\\/avatar\\\/7182954d4e69b1f10e7cd6edd716f87c90012fe7e0eae1bfa127fa8ae7d0bf63?s=96&d=mm&r=g\",\"url\":\"https:\\\/\\\/secure.gravatar.com\\\/avatar\\\/7182954d4e69b1f10e7cd6edd716f87c90012fe7e0eae1bfa127fa8ae7d0bf63?s=96&d=mm&r=g\",\"contentUrl\":\"https:\\\/\\\/secure.gravatar.com\\\/avatar\\\/7182954d4e69b1f10e7cd6edd716f87c90012fe7e0eae1bfa127fa8ae7d0bf63?s=96&d=mm&r=g\",\"caption\":\"lafilledesalpes\"},\"sameAs\":[\"http:\\\/\\\/lafilledesalpes.com\"],\"url\":\"https:\\\/\\\/lafilledesalpes.com\\\/index.php\\\/author\\\/admin1812\\\/\"}]}<\/script>\n<!-- \/ Yoast SEO plugin. -->","yoast_head_json":{"title":"8 id\u00e9es de randonn\u00e9es raquette faciles dans les Alpes - La Fille des Alpes","description":"Explorez les plus beaux spots de randonn\u00e9es raquette accessibles dans les Alpes pour une immersion en pleine nature !","robots":{"index":"index","follow":"follow","max-snippet":"max-snippet:-1","max-image-preview":"max-image-preview:large","max-video-preview":"max-video-preview:-1"},"canonical":"https:\/\/lafilledesalpes.com\/index.php\/2024\/12\/25\/8-idees-de-randonnees-raquettes-faciles-dans-les-alpes\/","og_locale":"fr_FR","og_type":"article","og_title":"8 id\u00e9es de randonn\u00e9es raquette faciles dans les Alpes - La Fille des Alpes","og_description":"Explorez les plus beaux spots de randonn\u00e9es raquette accessibles dans les Alpes pour une immersion en pleine nature !","og_url":"https:\/\/lafilledesalpes.com\/index.php\/2024\/12\/25\/8-idees-de-randonnees-raquettes-faciles-dans-les-alpes\/","og_site_name":"La Fille des Alpes","article_published_time":"2024-12-25T15:00:00+00:00","article_modified_time":"2026-04-22T14:39:54+00:00","og_image":[{"width":2000,"height":1333,"url":"https:\/\/lafilledesalpes.com\/wp-content\/uploads\/2024\/12\/935A0227.webp","type":"image\/webp"}],"author":"lafilledesalpes","twitter_card":"summary_large_image","twitter_misc":{"\u00c9crit par":"lafilledesalpes","Dur\u00e9e de lecture estim\u00e9e":"9 minutes"},"schema":{"@context":"https:\/\/schema.org","@graph":[{"@type":"Article","@id":"https:\/\/lafilledesalpes.com\/index.php\/2024\/12\/25\/8-idees-de-randonnees-raquettes-faciles-dans-les-alpes\/#article","isPartOf":{"@id":"https:\/\/lafilledesalpes.com\/index.php\/2024\/12\/25\/8-idees-de-randonnees-raquettes-faciles-dans-les-alpes\/"},"author":{"name":"lafilledesalpes","@id":"https:\/\/lafilledesalpes.com\/#\/schema\/person\/39460442cd595f31ae42021c980ad6e0"},"headline":"8 id\u00e9es de randonn\u00e9es raquette faciles dans les Alpes","datePublished":"2024-12-25T15:00:00+00:00","dateModified":"2026-04-22T14:39:54+00:00","mainEntityOfPage":{"@id":"https:\/\/lafilledesalpes.com\/index.php\/2024\/12\/25\/8-idees-de-randonnees-raquettes-faciles-dans-les-alpes\/"},"wordCount":1242,"commentCount":0,"publisher":{"@id":"https:\/\/lafilledesalpes.com\/#organization"},"image":{"@id":"https:\/\/lafilledesalpes.com\/index.php\/2024\/12\/25\/8-idees-de-randonnees-raquettes-faciles-dans-les-alpes\/#primaryimage"},"thumbnailUrl":"https:\/\/lafilledesalpes.com\/wp-content\/uploads\/2024\/12\/935A0227.webp","articleSection":["Alpes fran\u00e7aises","Conseils rando","Destination","Exp\u00e9rience","Haute-Savoie","Hautes-Alpes","Hiver","Is\u00e8re","Randonn\u00e9es","Raquettes \u00e0 neige","Saison","Savoie","Type"],"inLanguage":"fr-FR","potentialAction":[{"@type":"CommentAction","name":"Comment","target":["https:\/\/lafilledesalpes.com\/index.php\/2024\/12\/25\/8-idees-de-randonnees-raquettes-faciles-dans-les-alpes\/#respond"]}]},{"@type":"WebPage","@id":"https:\/\/lafilledesalpes.com\/index.php\/2024\/12\/25\/8-idees-de-randonnees-raquettes-faciles-dans-les-alpes\/","url":"https:\/\/lafilledesalpes.com\/index.php\/2024\/12\/25\/8-idees-de-randonnees-raquettes-faciles-dans-les-alpes\/","name":"8 id\u00e9es de randonn\u00e9es raquette faciles dans les Alpes - La Fille des Alpes","isPartOf":{"@id":"https:\/\/lafilledesalpes.com\/#website"},"primaryImageOfPage":{"@id":"https:\/\/lafilledesalpes.com\/index.php\/2024\/12\/25\/8-idees-de-randonnees-raquettes-faciles-dans-les-alpes\/#primaryimage"},"image":{"@id":"https:\/\/lafilledesalpes.com\/index.php\/2024\/12\/25\/8-idees-de-randonnees-raquettes-faciles-dans-les-alpes\/#primaryimage"},"thumbnailUrl":"https:\/\/lafilledesalpes.com\/wp-content\/uploads\/2024\/12\/935A0227.webp","datePublished":"2024-12-25T15:00:00+00:00","dateModified":"2026-04-22T14:39:54+00:00","description":"Explorez les plus beaux spots de randonn\u00e9es raquette accessibles dans les Alpes pour une immersion en pleine nature !","breadcrumb":{"@id":"https:\/\/lafilledesalpes.com\/index.php\/2024\/12\/25\/8-idees-de-randonnees-raquettes-faciles-dans-les-alpes\/#breadcrumb"},"inLanguage":"fr-FR","potentialAction":[{"@type":"ReadAction","target":["https:\/\/lafilledesalpes.com\/index.php\/2024\/12\/25\/8-idees-de-randonnees-raquettes-faciles-dans-les-alpes\/"]}]},{"@type":"ImageObject","inLanguage":"fr-FR","@id":"https:\/\/lafilledesalpes.com\/index.php\/2024\/12\/25\/8-idees-de-randonnees-raquettes-faciles-dans-les-alpes\/#primaryimage","url":"https:\/\/lafilledesalpes.com\/wp-content\/uploads\/2024\/12\/935A0227.webp","contentUrl":"https:\/\/lafilledesalpes.com\/wp-content\/uploads\/2024\/12\/935A0227.webp","width":2000,"height":1333,"caption":"paysage du mont blanc avec une mer de nuage et de la neige"},{"@type":"BreadcrumbList","@id":"https:\/\/lafilledesalpes.com\/index.php\/2024\/12\/25\/8-idees-de-randonnees-raquettes-faciles-dans-les-alpes\/#breadcrumb","itemListElement":[{"@type":"ListItem","position":1,"name":"Accueil","item":"https:\/\/lafilledesalpes.com\/"},{"@type":"ListItem","position":2,"name":"8 id\u00e9es de randonn\u00e9es raquette faciles dans les Alpes"}]},{"@type":"WebSite","@id":"https:\/\/lafilledesalpes.com\/#website","url":"https:\/\/lafilledesalpes.com\/","name":"La fille des Alpes","description":"Aventures, Road-trip &amp; Montagne","publisher":{"@id":"https:\/\/lafilledesalpes.com\/#organization"},"potentialAction":[{"@type":"SearchAction","target":{"@type":"EntryPoint","urlTemplate":"https:\/\/lafilledesalpes.com\/?s={search_term_string}"},"query-input":{"@type":"PropertyValueSpecification","valueRequired":true,"valueName":"search_term_string"}}],"inLanguage":"fr-FR"},{"@type":"Organization","@id":"https:\/\/lafilledesalpes.com\/#organization","name":"La fille des Alpes","url":"https:\/\/lafilledesalpes.com\/","logo":{"@type":"ImageObject","inLanguage":"fr-FR","@id":"https:\/\/lafilledesalpes.com\/#\/schema\/logo\/image\/","url":"https:\/\/lafilledesalpes.com\/wp-content\/uploads\/2024\/10\/La-fille-des-Alpes-LOGO-sans-texte.png","contentUrl":"https:\/\/lafilledesalpes.com\/wp-content\/uploads\/2024\/10\/La-fille-des-Alpes-LOGO-sans-texte.png","width":1181,"height":1181,"caption":"La fille des Alpes"},"image":{"@id":"https:\/\/lafilledesalpes.com\/#\/schema\/logo\/image\/"}},{"@type":"Person","@id":"https:\/\/lafilledesalpes.com\/#\/schema\/person\/39460442cd595f31ae42021c980ad6e0","name":"lafilledesalpes","image":{"@type":"ImageObject","inLanguage":"fr-FR","@id":"https:\/\/secure.gravatar.com\/avatar\/7182954d4e69b1f10e7cd6edd716f87c90012fe7e0eae1bfa127fa8ae7d0bf63?s=96&d=mm&r=g","url":"https:\/\/secure.gravatar.com\/avatar\/7182954d4e69b1f10e7cd6edd716f87c90012fe7e0eae1bfa127fa8ae7d0bf63?s=96&d=mm&r=g","contentUrl":"https:\/\/secure.gravatar.com\/avatar\/7182954d4e69b1f10e7cd6edd716f87c90012fe7e0eae1bfa127fa8ae7d0bf63?s=96&d=mm&r=g","caption":"lafilledesalpes"},"sameAs":["http:\/\/lafilledesalpes.com"],"url":"https:\/\/lafilledesalpes.com\/index.php\/author\/admin1812\/"}]}},"_links":{"self":[{"href":"https:\/\/lafilledesalpes.com\/index.php\/wp-json\/wp\/v2\/posts\/3863","targetHints":{"allow":["GET"]}}],"collection":[{"href":"https:\/\/lafilledesalpes.com\/index.php\/wp-json\/wp\/v2\/posts"}],"about":[{"href":"https:\/\/lafilledesalpes.com\/index.php\/wp-json\/wp\/v2\/types\/post"}],"author":[{"embeddable":true,"href":"https:\/\/lafilledesalpes.com\/index.php\/wp-json\/wp\/v2\/users\/1"}],"replies":[{"embeddable":true,"href":"https:\/\/lafilledesalpes.com\/index.php\/wp-json\/wp\/v2\/comments?post=3863"}],"version-history":[{"count":0,"href":"https:\/\/lafilledesalpes.com\/index.php\/wp-json\/wp\/v2\/posts\/3863\/revisions"}],"wp:featuredmedia":[{"embeddable":true,"href":"https:\/\/lafilledesalpes.com\/index.php\/wp-json\/wp\/v2\/media\/3875"}],"wp:attachment":[{"href":"https:\/\/lafilledesalpes.com\/index.php\/wp-json\/wp\/v2\/media?parent=3863"}],"wp:term":[{"taxonomy":"category","embeddable":true,"href":"https:\/\/lafilledesalpes.com\/index.php\/wp-json\/wp\/v2\/categories?post=3863"},{"taxonomy":"post_tag","embeddable":true,"href":"https:\/\/lafilledesalpes.com\/index.php\/wp-json\/wp\/v2\/tags?post=3863"}],"curies":[{"name":"wp","href":"https:\/\/api.w.org\/{rel}","templated":true}]}}