{"id":3989,"date":"2025-03-05T12:15:57","date_gmt":"2025-03-05T11:15:57","guid":{"rendered":"https:\/\/lafilledesalpes.com\/?p=3989"},"modified":"2026-04-27T15:45:00","modified_gmt":"2026-04-27T13:45:00","slug":"quelle-est-la-meilleure-periode-pour-randonner-dans-les-alpes-climat-et-conseils-mois-par-mois","status":"publish","type":"post","link":"https:\/\/lafilledesalpes.com\/index.php\/2025\/03\/05\/quelle-est-la-meilleure-periode-pour-randonner-dans-les-alpes-climat-et-conseils-mois-par-mois\/","title":{"rendered":"Quelle est la meilleure p\u00e9riode pour randonner dans les Alpes ? Climat et conseils mois par mois"},"content":{"rendered":"\n<p>Les Alpes sont le terrain de jeu parfait pour toi&nbsp;: amoureux de la nature et de la randonn\u00e9e. Cependant, pour profiter au mieux de ta sortie, il est essentiel de choisir la bonne p\u00e9riode. Le climat de la montagne peut changer rapidement, et selon la saison, certains sentiers sont impraticables. Dans cet article, tu d\u00e9couvriras quel est le meilleur moment pour randonner dans les Alpes, mois par mois.<\/p>\n\n\n\n<h2 class=\"wp-block-heading\">Pourquoi est-il important de choisir la bonne p\u00e9riode pour tes randonn\u00e9es dans les Alpes ?<\/h2>\n\n\n\n<figure class=\"wp-block-image\"><img decoding=\"async\" src=\"https:\/\/lafilledesalpes.com\/wp-content\/uploads\/2025\/01\/935A6865-1-1024x683.webp\" alt=\"paysage montagne avec alpage\"\/><\/figure>\n\n\n\n<p>Le climat en montagne est tr\u00e8s variable, et la m\u00e9t\u00e9o peut se transformer en quelques heures. C\u2019est pour cela qu&#8217;il est primordial de bien choisir le moment de ton aventure. Selon la saison, certains sentiers sont inaccessibles \u00e0 cause de la neige ou des conditions m\u00e9t\u00e9orologiques. Pour une randonn\u00e9e en toute s\u00e9curit\u00e9 et agr\u00e9able, il faut bien conna\u00eetre les conditions de chaque mois.<\/p>\n\n\n\n<h2 class=\"wp-block-heading\">Janvier \u00e0 mars : randonn\u00e9e hivernale, ski de randonn\u00e9e et raquettes<\/h2>\n\n\n\n<p>De janvier \u00e0 mars, l&#8217;hiver r\u00e8gne en montagne, mais tu peux quand m\u00eame profiter des magnifiques paysages alpins. Ces mois sont id\u00e9als pour des activit\u00e9s comme le ski de randonn\u00e9e, la raquette et m\u00eame le bivouac (attention \u00e0 \u00eatre tr\u00e8s bien \u00e9quip\u00e9). Cependant, pour une randonn\u00e9e classique, la neige rend souvent l\u2019acc\u00e8s difficile aux sentiers. Pr\u00e9f\u00e8re les itin\u00e9raires balis\u00e9s pour la raquette ou choisis des parcours de ski de fond.<\/p>\n\n\n\n<div class=\"wp-block-columns is-not-stacked-on-mobile is-layout-flex wp-container-core-columns-is-layout-3b693de2 wp-block-columns-is-layout-flex\">\n<div class=\"wp-block-column is-layout-flow wp-block-column-is-layout-flow\" style=\"flex-basis:50%\">\n<figure class=\"wp-block-image\"><img decoding=\"async\" src=\"https:\/\/lafilledesalpes.com\/wp-content\/uploads\/2025\/01\/IMG_1719.webp\" alt=\"lac vert de passy sous la neige\"\/><\/figure>\n<\/div>\n\n\n\n<div class=\"wp-block-column is-layout-flow wp-block-column-is-layout-flow\" style=\"flex-basis:50%\">\n<figure class=\"wp-block-image\"><img decoding=\"async\" src=\"https:\/\/lafilledesalpes.com\/wp-content\/uploads\/2025\/01\/IMG_1652.webp\" alt=\"randonneuse a raquette dans foret enneig\u00e9e\"\/><\/figure>\n<\/div>\n<\/div>\n\n\n\n<h3 class=\"wp-block-heading\"><u>Conseils pour randonner en hiver<\/u><\/h3>\n\n\n\n<ul class=\"wp-block-list\">\n<li>V\u00e9rifie les pr\u00e9visions m\u00e9t\u00e9o avant de partir. Consultes le <a href=\"https:\/\/www.meteo-montagne.com\/bra\/\">BERA (Bulletins d\u2019Estimation du Risque d\u2019Avalanche)<\/a> car m\u00eame en raquette les risques d\u2019avalanches sont pr\u00e9sents (surtout si ce n\u2019est pas sur des sentiers balis\u00e9s).<\/li>\n\n\n\n<li>Choisis des sentiers adapt\u00e9s aux conditions hivernales\u00a0: n\u2019h\u00e9sites pas \u00e0 demander aux offices du tourisme.<\/li>\n\n\n\n<li>Emporte des v\u00eatements chauds et imperm\u00e9ables pour affronter la neige.<\/li>\n<\/ul>\n\n\n\n<div class=\"wp-block-columns is-layout-flex wp-container-core-columns-is-layout-3b693de2 wp-block-columns-is-layout-flex\">\n<div class=\"wp-block-column is-layout-flow wp-block-column-is-layout-flow\" style=\"flex-basis:50%\">\n<figure class=\"wp-block-image gallery-item\"><a href=\"https:\/\/lafilledesalpes.com\/wp-content\/uploads\/2025\/01\/935A9801.webp\"><img decoding=\"async\" src=\"https:\/\/lafilledesalpes.com\/wp-content\/uploads\/2025\/01\/935A9801.webp\" alt=\"randonneuse dans la neige en jour blanc\"\/><\/a><\/figure>\n<\/div>\n\n\n\n<div class=\"wp-block-column is-layout-flow wp-block-column-is-layout-flow\" style=\"flex-basis:50%\">\n<figure class=\"wp-block-image gallery-item\"><a href=\"https:\/\/lafilledesalpes.com\/wp-content\/uploads\/2025\/01\/935A9943.webp\"><img decoding=\"async\" src=\"https:\/\/lafilledesalpes.com\/wp-content\/uploads\/2025\/01\/935A9943.webp\" alt=\"randonneur dans la neige avec des sapins\"\/><\/a><\/figure>\n<\/div>\n<\/div>\n\n\n\n<h2 class=\"wp-block-heading\">Avril \u00e0 juin : transition vers le printemps et randonn\u00e9es dans les Alpes<\/h2>\n\n\n\n<p>Le printemps arrive en avril, et les temp\u00e9ratures commencent \u00e0 grimper. Mais la neige peut encore recouvrir certains sentiers, surtout en altitude. En mai, tu verras les premi\u00e8res fleurs de montagne. D\u00e8s juin, les sentiers en altitude commenceront \u00e0 se d\u00e9gager petit \u00e0 petit et il sera l\u2019heure d\u2019admirer le d\u00e9gel des lacs.<\/p>\n\n\n\n<h3 class=\"wp-block-heading\"><u>Conseils pour randonner au printemps<\/u><\/h3>\n\n\n\n<p>Pr\u00e9pare-toi \u00e0 des conditions mixtes, avec de la neige sur les hauteurs.<\/p>\n\n\n\n<div class=\"wp-block-media-text is-stacked-on-mobile gallery-item\" style=\"grid-template-columns:45% auto\"><figure class=\"wp-block-media-text__media\"><img decoding=\"async\" src=\"https:\/\/lafilledesalpes.com\/wp-content\/uploads\/2025\/01\/IMG_3692.webp\" alt=\"cabane de montagne avec des fleurs\"\/><\/figure><div class=\"wp-block-media-text__content\">\n<p>Prends le temps de profiter des fleurs de montagne.<\/p>\n\n\n\n<p>Choisis des chaussures \u00e9tanches pour traverser les ruisseaux et utilise des crampons pour adh\u00e9rer sur la glace rencontrer en altitude.<\/p>\n<\/div><\/div>\n\n\n\n<h2 class=\"wp-block-heading\">Juillet \u00e0 ao\u00fbt : haute saison pour la randonn\u00e9e dans les Alpes<\/h2>\n\n\n\n<p>Juillet et ao\u00fbt sont les mois les plus populaires pour randonner dans les Alpes. La neige a fondu, et la plupart des sentiers sont d\u00e9gag\u00e9s, te permettant de profiter pleinement de la montagne. C\u2019est \u00e9galement la saison des refuges ouverts et des \u00e9v\u00e9nements en montagne. Cependant, attends-toi \u00e0 un afflux de randonneurs. Si tu veux \u00e9viter la foule, pars t\u00f4t le matin.<\/p>\n\n\n\n<figure class=\"wp-block-image\"><img decoding=\"async\" src=\"https:\/\/lafilledesalpes.com\/wp-content\/uploads\/2024\/07\/935A7156-2-1024x683.jpg\" alt=\"lac bleu turquoise en montagne\"\/><\/figure>\n\n\n\n<h3 class=\"wp-block-heading\"><u>Conseils pour randonner en \u00e9t\u00e9<\/u><\/h3>\n\n\n\n<div class=\"wp-block-media-text is-stacked-on-mobile\"><figure class=\"wp-block-media-text__media\"><img decoding=\"async\" src=\"https:\/\/lafilledesalpes.com\/wp-content\/uploads\/2025\/01\/935A7665-2-1024x683.webp\" alt=\"refuge devant lac de montagne au coucher du soleil\"\/><\/figure><div class=\"wp-block-media-text__content\">\n<p>Apporte beaucoup d\u2019eau, surtout lors des journ\u00e9es ensoleill\u00e9es.<\/p>\n\n\n\n<p>Choisis des itin\u00e9raires moins fr\u00e9quent\u00e9s pour \u00eatre plus tranquille.<\/p>\n\n\n\n<p>N&#8217;oublie pas de r\u00e9server \u00e0 l&#8217;avance tes nuit\u00e9es en refuge.<\/p>\n<\/div><\/div>\n\n\n\n<h2 class=\"wp-block-heading\">Septembre \u00e0 octobre : l\u2019automne et des randonn\u00e9es sereines dans les Alpes<\/h2>\n\n\n\n<p>L\u2019automne est une p\u00e9riode splendide pour randonner, surtout en septembre et octobre. Les temp\u00e9ratures sont plus fra\u00eeches, mais agr\u00e9ables. La montagne se pare de couleurs magnifiques, et les sentiers sont moins fr\u00e9quent\u00e9s qu\u2019en \u00e9t\u00e9. C\u2019est un moment id\u00e9al pour une randonn\u00e9e calme, avec des paysages splendides. Tu pourras retrouver dans certains massifs des for\u00eats de m\u00e9l\u00e8zes dor\u00e9s&nbsp;!<\/p>\n\n\n\n<figure class=\"wp-block-image\"><img decoding=\"async\" src=\"https:\/\/lafilledesalpes.com\/wp-content\/uploads\/2025\/01\/935A1888-1024x683.webp\" alt=\"lac \u00e0 l'automne avec sommets enneig\u00e9s\"\/><\/figure>\n\n\n\n<h3 class=\"wp-block-heading\"><u>Conseils pour randonner en automne<\/u><\/h3>\n\n\n\n<ul class=\"wp-block-list\">\n<li>Pr\u00e9f\u00e8re les itin\u00e9raires \u00e0 plus basse altitude pour de meilleures conditions.<\/li>\n\n\n\n<li>Apporte des v\u00eatements adapt\u00e9s \u00e0 des temp\u00e9ratures plus fra\u00eeches.<\/li>\n\n\n\n<li>Profite de la tranquillit\u00e9 des sentiers et des paysages en couleur.<\/li>\n<\/ul>\n\n\n\n<figure class=\"wp-block-image\"><img decoding=\"async\" src=\"https:\/\/lafilledesalpes.com\/wp-content\/uploads\/2025\/01\/935A1739-1024x683.webp\" alt=\"paysages de m\u00e9l\u00e8zes devant des sommets enneig\u00e9s\"\/><\/figure>\n\n\n\n<h2 class=\"wp-block-heading\">Novembre et d\u00e9cembre : p\u00e9riode de transition avant l\u2019hiver<\/h2>\n\n\n\n<p>Novembre et d\u00e9cembre annoncent l\u2019arriv\u00e9e de l\u2019hiver. La neige commence \u00e0 recouvrir les sommets, mais les conditions peuvent \u00eatre instables. Certaines randonn\u00e9es peuvent devenir plus difficiles \u00e0 cause du froid. Toutefois, en d\u00e9cembre, la neige commence \u00e0 se stabiliser et c\u2019est un bon moment pour commencer \u00e0 pratiquer des sports d\u2019hiver comme la raquette ou le ski.<\/p>\n\n\n\n<h3 class=\"wp-block-heading\"><u>Conseils pour randonner en novembre et d\u00e9cembre<\/u><\/h3>\n\n\n\n<ul class=\"wp-block-list\">\n<li>V\u00e9rifie attentivement la m\u00e9t\u00e9o, car la neige peut arriver plus t\u00f4t que pr\u00e9vu.<\/li>\n\n\n\n<li>Prends des v\u00eatements chauds et adapt\u00e9s aux conditions hivernales.<\/li>\n\n\n\n<li>Pr\u00e9pare-toi \u00e0 des journ\u00e9es plus courtes et \u00e0 des temp\u00e9ratures fra\u00eeches.<\/li>\n<\/ul>\n\n\n\n<div class=\"wp-block-columns is-not-stacked-on-mobile is-layout-flex wp-container-core-columns-is-layout-3b693de2 wp-block-columns-is-layout-flex\">\n<div class=\"wp-block-column is-layout-flow wp-block-column-is-layout-flow\" style=\"flex-basis:33.34%\">\n<figure class=\"wp-block-image\"><img decoding=\"async\" src=\"https:\/\/lafilledesalpes.com\/wp-content\/uploads\/2025\/01\/935A9128.webp\" alt=\"randonneuse devant sapin dans la neige\"\/><\/figure>\n<\/div>\n\n\n\n<div class=\"wp-block-column is-layout-flow wp-block-column-is-layout-flow\" style=\"flex-basis:33.34%\">\n<figure class=\"wp-block-image\"><img decoding=\"async\" src=\"https:\/\/lafilledesalpes.com\/wp-content\/uploads\/2025\/01\/935A9269.webp\" alt=\"raquette a neige devant maison\"\/><\/figure>\n<\/div>\n\n\n\n<div class=\"wp-block-column is-layout-flow wp-block-column-is-layout-flow\" style=\"flex-basis:33.33%\">\n<figure class=\"wp-block-image\"><img decoding=\"async\" src=\"https:\/\/lafilledesalpes.com\/wp-content\/uploads\/2025\/01\/935A9107.webp\" alt=\"randonneurs dans la neige\"\/><\/figure>\n<\/div>\n<\/div>\n\n\n\n<h2 class=\"wp-block-heading\">En r\u00e9sum\u00e9 : quelle est la meilleure p\u00e9riode pour randonner dans les Alpes ?<\/h2>\n\n\n\n<p>La meilleure p\u00e9riode pour randonner dans les Alpes d\u00e9pend de tes envies :<\/p>\n\n\n\n<ul class=\"wp-block-list\">\n<li><strong>Hiver (janvier \u00e0 mars)<\/strong> : parfait pour la raquette et le ski de randonn\u00e9e.<\/li>\n\n\n\n<li><strong>Printemps (avril \u00e0 juin)<\/strong> : pour profiter de la basse montagne avant la haute saison et admirer les premi\u00e8res fleurs de printemps.<\/li>\n\n\n\n<li><strong>\u00c9t\u00e9 (juillet \u00e0 ao\u00fbt)<\/strong> : la meilleure p\u00e9riode pour des randonn\u00e9es en haute montagne et dans les sentiers d\u00e9gag\u00e9s.<\/li>\n\n\n\n<li><strong>Automne (septembre \u00e0 octobre)<\/strong> : pour des randonn\u00e9es sereines et profiter des paysages color\u00e9s de la montagne.<\/li>\n\n\n\n<li><strong>Hiver (novembre et d\u00e9cembre)<\/strong> : pour les sports d&#8217;hiver et les premiers bivouacs dans la neige.<\/li>\n<\/ul>\n\n\n\n<figure class=\"wp-block-image\"><img decoding=\"async\" src=\"https:\/\/lafilledesalpes.com\/wp-content\/uploads\/2025\/01\/IMG_8438-1024x683.webp\" alt=\"paysage de montagne avec des fleurs roses au premier plan\"\/><\/figure>\n\n\n\n<p>Peu importe la saison, les Alpes offrent des possibilit\u00e9s incroyables de randonn\u00e9es tout au long de l\u2019ann\u00e9e. Adapte ton \u00e9quipement et choisis bien ta p\u00e9riode en fonction de tes attentes pour vivre une aventure alpine inoubliable !<\/p>\n","protected":false},"excerpt":{"rendered":"<p>Toutes les informations pour vous y rendre au meilleur moment !<\/p>\n","protected":false},"author":1,"featured_media":4034,"comment_status":"open","ping_status":"open","sticky":false,"template":"","format":"standard","meta":{"_acf_changed":false,"pgc_sgb_lightbox_settings":"","footnotes":""},"categories":[95,100,135,107,131,116,133,118,120,123,122,136,137,94,117,121,119],"tags":[],"class_list":["post-3989","post","type-post","status-publish","format-standard","has-post-thumbnail","hentry","category-alpes-francaises","category-alpe-francaises","category-automne","category-conseils-et-equipement","category-conseils-rando","category-destination","category-ete","category-experience","category-haute-savoie","category-hautes-alpes","category-isere","category-printemps","category-randonnee","category-randonnees","category-saison","category-savoie","category-type"],"acf":[],"yoast_head":"<!-- This site is optimized with the Yoast SEO plugin v27.4 - https:\/\/yoast.com\/product\/yoast-seo-wordpress\/ -->\n<title>Quelle est la meilleure p\u00e9riode pour randonner dans les Alpes ?<\/title>\n<meta name=\"description\" content=\"D\u00e9couvre la meilleure p\u00e9riode pour randonner dans les Alpes selon le climat, avec des conseils mois par mois pour bien pr\u00e9parer ton aventure.\" \/>\n<meta name=\"robots\" content=\"index, follow, max-snippet:-1, max-image-preview:large, max-video-preview:-1\" \/>\n<link rel=\"canonical\" href=\"https:\/\/lafilledesalpes.com\/index.php\/2025\/03\/05\/quelle-est-la-meilleure-periode-pour-randonner-dans-les-alpes-climat-et-conseils-mois-par-mois\/\" \/>\n<meta property=\"og:locale\" content=\"fr_FR\" \/>\n<meta property=\"og:type\" content=\"article\" \/>\n<meta property=\"og:title\" content=\"Quelle est la meilleure p\u00e9riode pour randonner dans les Alpes ?\" \/>\n<meta property=\"og:description\" content=\"D\u00e9couvre la meilleure p\u00e9riode pour randonner dans les Alpes selon le climat, avec des conseils mois par mois pour bien pr\u00e9parer ton aventure.\" \/>\n<meta property=\"og:url\" content=\"https:\/\/lafilledesalpes.com\/index.php\/2025\/03\/05\/quelle-est-la-meilleure-periode-pour-randonner-dans-les-alpes-climat-et-conseils-mois-par-mois\/\" \/>\n<meta property=\"og:site_name\" content=\"La Fille des Alpes\" \/>\n<meta property=\"article:published_time\" content=\"2025-03-05T11:15:57+00:00\" \/>\n<meta property=\"article:modified_time\" content=\"2026-04-27T13:45:00+00:00\" \/>\n<meta property=\"og:image\" content=\"https:\/\/lafilledesalpes.com\/wp-content\/uploads\/2025\/01\/935A2016-1.webp\" \/>\n\t<meta property=\"og:image:width\" content=\"1500\" \/>\n\t<meta property=\"og:image:height\" content=\"1000\" \/>\n\t<meta property=\"og:image:type\" content=\"image\/webp\" \/>\n<meta name=\"author\" content=\"lafilledesalpes\" \/>\n<meta name=\"twitter:card\" content=\"summary_large_image\" \/>\n<meta name=\"twitter:label1\" content=\"\u00c9crit par\" \/>\n\t<meta name=\"twitter:data1\" content=\"lafilledesalpes\" \/>\n\t<meta name=\"twitter:label2\" content=\"Dur\u00e9e de lecture estim\u00e9e\" \/>\n\t<meta name=\"twitter:data2\" content=\"8 minutes\" \/>\n<script type=\"application\/ld+json\" class=\"yoast-schema-graph\">{\"@context\":\"https:\\\/\\\/schema.org\",\"@graph\":[{\"@type\":\"Article\",\"@id\":\"https:\\\/\\\/lafilledesalpes.com\\\/index.php\\\/2025\\\/03\\\/05\\\/quelle-est-la-meilleure-periode-pour-randonner-dans-les-alpes-climat-et-conseils-mois-par-mois\\\/#article\",\"isPartOf\":{\"@id\":\"https:\\\/\\\/lafilledesalpes.com\\\/index.php\\\/2025\\\/03\\\/05\\\/quelle-est-la-meilleure-periode-pour-randonner-dans-les-alpes-climat-et-conseils-mois-par-mois\\\/\"},\"author\":{\"name\":\"lafilledesalpes\",\"@id\":\"https:\\\/\\\/lafilledesalpes.com\\\/#\\\/schema\\\/person\\\/39460442cd595f31ae42021c980ad6e0\"},\"headline\":\"Quelle est la meilleure p\u00e9riode pour randonner dans les Alpes ? Climat et conseils mois par mois\",\"datePublished\":\"2025-03-05T11:15:57+00:00\",\"dateModified\":\"2026-04-27T13:45:00+00:00\",\"mainEntityOfPage\":{\"@id\":\"https:\\\/\\\/lafilledesalpes.com\\\/index.php\\\/2025\\\/03\\\/05\\\/quelle-est-la-meilleure-periode-pour-randonner-dans-les-alpes-climat-et-conseils-mois-par-mois\\\/\"},\"wordCount\":993,\"commentCount\":0,\"publisher\":{\"@id\":\"https:\\\/\\\/lafilledesalpes.com\\\/#organization\"},\"image\":{\"@id\":\"https:\\\/\\\/lafilledesalpes.com\\\/index.php\\\/2025\\\/03\\\/05\\\/quelle-est-la-meilleure-periode-pour-randonner-dans-les-alpes-climat-et-conseils-mois-par-mois\\\/#primaryimage\"},\"thumbnailUrl\":\"https:\\\/\\\/lafilledesalpes.com\\\/wp-content\\\/uploads\\\/2025\\\/01\\\/935A2016-1.webp\",\"articleSection\":[\"Alpes fran\u00e7aises\",\"Alpes fran\u00e7aises\",\"Automne\",\"Conseils et \u00e9quipement\",\"Conseils rando\",\"Destination\",\"\u00c9t\u00e9\",\"Exp\u00e9rience\",\"Haute-Savoie\",\"Hautes-Alpes\",\"Is\u00e8re\",\"Printemps\",\"Randonn\u00e9e\",\"Randonn\u00e9es\",\"Saison\",\"Savoie\",\"Type\"],\"inLanguage\":\"fr-FR\",\"potentialAction\":[{\"@type\":\"CommentAction\",\"name\":\"Comment\",\"target\":[\"https:\\\/\\\/lafilledesalpes.com\\\/index.php\\\/2025\\\/03\\\/05\\\/quelle-est-la-meilleure-periode-pour-randonner-dans-les-alpes-climat-et-conseils-mois-par-mois\\\/#respond\"]}]},{\"@type\":\"WebPage\",\"@id\":\"https:\\\/\\\/lafilledesalpes.com\\\/index.php\\\/2025\\\/03\\\/05\\\/quelle-est-la-meilleure-periode-pour-randonner-dans-les-alpes-climat-et-conseils-mois-par-mois\\\/\",\"url\":\"https:\\\/\\\/lafilledesalpes.com\\\/index.php\\\/2025\\\/03\\\/05\\\/quelle-est-la-meilleure-periode-pour-randonner-dans-les-alpes-climat-et-conseils-mois-par-mois\\\/\",\"name\":\"Quelle est la meilleure p\u00e9riode pour randonner dans les Alpes ?\",\"isPartOf\":{\"@id\":\"https:\\\/\\\/lafilledesalpes.com\\\/#website\"},\"primaryImageOfPage\":{\"@id\":\"https:\\\/\\\/lafilledesalpes.com\\\/index.php\\\/2025\\\/03\\\/05\\\/quelle-est-la-meilleure-periode-pour-randonner-dans-les-alpes-climat-et-conseils-mois-par-mois\\\/#primaryimage\"},\"image\":{\"@id\":\"https:\\\/\\\/lafilledesalpes.com\\\/index.php\\\/2025\\\/03\\\/05\\\/quelle-est-la-meilleure-periode-pour-randonner-dans-les-alpes-climat-et-conseils-mois-par-mois\\\/#primaryimage\"},\"thumbnailUrl\":\"https:\\\/\\\/lafilledesalpes.com\\\/wp-content\\\/uploads\\\/2025\\\/01\\\/935A2016-1.webp\",\"datePublished\":\"2025-03-05T11:15:57+00:00\",\"dateModified\":\"2026-04-27T13:45:00+00:00\",\"description\":\"D\u00e9couvre la meilleure p\u00e9riode pour randonner dans les Alpes selon le climat, avec des conseils mois par mois pour bien pr\u00e9parer ton aventure.\",\"breadcrumb\":{\"@id\":\"https:\\\/\\\/lafilledesalpes.com\\\/index.php\\\/2025\\\/03\\\/05\\\/quelle-est-la-meilleure-periode-pour-randonner-dans-les-alpes-climat-et-conseils-mois-par-mois\\\/#breadcrumb\"},\"inLanguage\":\"fr-FR\",\"potentialAction\":[{\"@type\":\"ReadAction\",\"target\":[\"https:\\\/\\\/lafilledesalpes.com\\\/index.php\\\/2025\\\/03\\\/05\\\/quelle-est-la-meilleure-periode-pour-randonner-dans-les-alpes-climat-et-conseils-mois-par-mois\\\/\"]}]},{\"@type\":\"ImageObject\",\"inLanguage\":\"fr-FR\",\"@id\":\"https:\\\/\\\/lafilledesalpes.com\\\/index.php\\\/2025\\\/03\\\/05\\\/quelle-est-la-meilleure-periode-pour-randonner-dans-les-alpes-climat-et-conseils-mois-par-mois\\\/#primaryimage\",\"url\":\"https:\\\/\\\/lafilledesalpes.com\\\/wp-content\\\/uploads\\\/2025\\\/01\\\/935A2016-1.webp\",\"contentUrl\":\"https:\\\/\\\/lafilledesalpes.com\\\/wp-content\\\/uploads\\\/2025\\\/01\\\/935A2016-1.webp\",\"width\":1500,\"height\":1000,\"caption\":\"randonneuse devant lac de montagne \u00e0 l'automne\"},{\"@type\":\"BreadcrumbList\",\"@id\":\"https:\\\/\\\/lafilledesalpes.com\\\/index.php\\\/2025\\\/03\\\/05\\\/quelle-est-la-meilleure-periode-pour-randonner-dans-les-alpes-climat-et-conseils-mois-par-mois\\\/#breadcrumb\",\"itemListElement\":[{\"@type\":\"ListItem\",\"position\":1,\"name\":\"Accueil\",\"item\":\"https:\\\/\\\/lafilledesalpes.com\\\/\"},{\"@type\":\"ListItem\",\"position\":2,\"name\":\"Quelle est la meilleure p\u00e9riode pour randonner dans les Alpes ? Climat et conseils mois par mois\"}]},{\"@type\":\"WebSite\",\"@id\":\"https:\\\/\\\/lafilledesalpes.com\\\/#website\",\"url\":\"https:\\\/\\\/lafilledesalpes.com\\\/\",\"name\":\"La fille des Alpes\",\"description\":\"Aventures, Road-trip &amp; Montagne\",\"publisher\":{\"@id\":\"https:\\\/\\\/lafilledesalpes.com\\\/#organization\"},\"potentialAction\":[{\"@type\":\"SearchAction\",\"target\":{\"@type\":\"EntryPoint\",\"urlTemplate\":\"https:\\\/\\\/lafilledesalpes.com\\\/?s={search_term_string}\"},\"query-input\":{\"@type\":\"PropertyValueSpecification\",\"valueRequired\":true,\"valueName\":\"search_term_string\"}}],\"inLanguage\":\"fr-FR\"},{\"@type\":\"Organization\",\"@id\":\"https:\\\/\\\/lafilledesalpes.com\\\/#organization\",\"name\":\"La fille des Alpes\",\"url\":\"https:\\\/\\\/lafilledesalpes.com\\\/\",\"logo\":{\"@type\":\"ImageObject\",\"inLanguage\":\"fr-FR\",\"@id\":\"https:\\\/\\\/lafilledesalpes.com\\\/#\\\/schema\\\/logo\\\/image\\\/\",\"url\":\"https:\\\/\\\/lafilledesalpes.com\\\/wp-content\\\/uploads\\\/2024\\\/10\\\/La-fille-des-Alpes-LOGO-sans-texte.png\",\"contentUrl\":\"https:\\\/\\\/lafilledesalpes.com\\\/wp-content\\\/uploads\\\/2024\\\/10\\\/La-fille-des-Alpes-LOGO-sans-texte.png\",\"width\":1181,\"height\":1181,\"caption\":\"La fille des Alpes\"},\"image\":{\"@id\":\"https:\\\/\\\/lafilledesalpes.com\\\/#\\\/schema\\\/logo\\\/image\\\/\"}},{\"@type\":\"Person\",\"@id\":\"https:\\\/\\\/lafilledesalpes.com\\\/#\\\/schema\\\/person\\\/39460442cd595f31ae42021c980ad6e0\",\"name\":\"lafilledesalpes\",\"image\":{\"@type\":\"ImageObject\",\"inLanguage\":\"fr-FR\",\"@id\":\"https:\\\/\\\/secure.gravatar.com\\\/avatar\\\/7182954d4e69b1f10e7cd6edd716f87c90012fe7e0eae1bfa127fa8ae7d0bf63?s=96&d=mm&r=g\",\"url\":\"https:\\\/\\\/secure.gravatar.com\\\/avatar\\\/7182954d4e69b1f10e7cd6edd716f87c90012fe7e0eae1bfa127fa8ae7d0bf63?s=96&d=mm&r=g\",\"contentUrl\":\"https:\\\/\\\/secure.gravatar.com\\\/avatar\\\/7182954d4e69b1f10e7cd6edd716f87c90012fe7e0eae1bfa127fa8ae7d0bf63?s=96&d=mm&r=g\",\"caption\":\"lafilledesalpes\"},\"sameAs\":[\"http:\\\/\\\/lafilledesalpes.com\"],\"url\":\"https:\\\/\\\/lafilledesalpes.com\\\/index.php\\\/author\\\/admin1812\\\/\"}]}<\/script>\n<!-- \/ Yoast SEO plugin. -->","yoast_head_json":{"title":"Quelle est la meilleure p\u00e9riode pour randonner dans les Alpes ?","description":"D\u00e9couvre la meilleure p\u00e9riode pour randonner dans les Alpes selon le climat, avec des conseils mois par mois pour bien pr\u00e9parer ton aventure.","robots":{"index":"index","follow":"follow","max-snippet":"max-snippet:-1","max-image-preview":"max-image-preview:large","max-video-preview":"max-video-preview:-1"},"canonical":"https:\/\/lafilledesalpes.com\/index.php\/2025\/03\/05\/quelle-est-la-meilleure-periode-pour-randonner-dans-les-alpes-climat-et-conseils-mois-par-mois\/","og_locale":"fr_FR","og_type":"article","og_title":"Quelle est la meilleure p\u00e9riode pour randonner dans les Alpes ?","og_description":"D\u00e9couvre la meilleure p\u00e9riode pour randonner dans les Alpes selon le climat, avec des conseils mois par mois pour bien pr\u00e9parer ton aventure.","og_url":"https:\/\/lafilledesalpes.com\/index.php\/2025\/03\/05\/quelle-est-la-meilleure-periode-pour-randonner-dans-les-alpes-climat-et-conseils-mois-par-mois\/","og_site_name":"La Fille des Alpes","article_published_time":"2025-03-05T11:15:57+00:00","article_modified_time":"2026-04-27T13:45:00+00:00","og_image":[{"width":1500,"height":1000,"url":"https:\/\/lafilledesalpes.com\/wp-content\/uploads\/2025\/01\/935A2016-1.webp","type":"image\/webp"}],"author":"lafilledesalpes","twitter_card":"summary_large_image","twitter_misc":{"\u00c9crit par":"lafilledesalpes","Dur\u00e9e de lecture estim\u00e9e":"8 minutes"},"schema":{"@context":"https:\/\/schema.org","@graph":[{"@type":"Article","@id":"https:\/\/lafilledesalpes.com\/index.php\/2025\/03\/05\/quelle-est-la-meilleure-periode-pour-randonner-dans-les-alpes-climat-et-conseils-mois-par-mois\/#article","isPartOf":{"@id":"https:\/\/lafilledesalpes.com\/index.php\/2025\/03\/05\/quelle-est-la-meilleure-periode-pour-randonner-dans-les-alpes-climat-et-conseils-mois-par-mois\/"},"author":{"name":"lafilledesalpes","@id":"https:\/\/lafilledesalpes.com\/#\/schema\/person\/39460442cd595f31ae42021c980ad6e0"},"headline":"Quelle est la meilleure p\u00e9riode pour randonner dans les Alpes ? Climat et conseils mois par mois","datePublished":"2025-03-05T11:15:57+00:00","dateModified":"2026-04-27T13:45:00+00:00","mainEntityOfPage":{"@id":"https:\/\/lafilledesalpes.com\/index.php\/2025\/03\/05\/quelle-est-la-meilleure-periode-pour-randonner-dans-les-alpes-climat-et-conseils-mois-par-mois\/"},"wordCount":993,"commentCount":0,"publisher":{"@id":"https:\/\/lafilledesalpes.com\/#organization"},"image":{"@id":"https:\/\/lafilledesalpes.com\/index.php\/2025\/03\/05\/quelle-est-la-meilleure-periode-pour-randonner-dans-les-alpes-climat-et-conseils-mois-par-mois\/#primaryimage"},"thumbnailUrl":"https:\/\/lafilledesalpes.com\/wp-content\/uploads\/2025\/01\/935A2016-1.webp","articleSection":["Alpes fran\u00e7aises","Alpes fran\u00e7aises","Automne","Conseils et \u00e9quipement","Conseils rando","Destination","\u00c9t\u00e9","Exp\u00e9rience","Haute-Savoie","Hautes-Alpes","Is\u00e8re","Printemps","Randonn\u00e9e","Randonn\u00e9es","Saison","Savoie","Type"],"inLanguage":"fr-FR","potentialAction":[{"@type":"CommentAction","name":"Comment","target":["https:\/\/lafilledesalpes.com\/index.php\/2025\/03\/05\/quelle-est-la-meilleure-periode-pour-randonner-dans-les-alpes-climat-et-conseils-mois-par-mois\/#respond"]}]},{"@type":"WebPage","@id":"https:\/\/lafilledesalpes.com\/index.php\/2025\/03\/05\/quelle-est-la-meilleure-periode-pour-randonner-dans-les-alpes-climat-et-conseils-mois-par-mois\/","url":"https:\/\/lafilledesalpes.com\/index.php\/2025\/03\/05\/quelle-est-la-meilleure-periode-pour-randonner-dans-les-alpes-climat-et-conseils-mois-par-mois\/","name":"Quelle est la meilleure p\u00e9riode pour randonner dans les Alpes ?","isPartOf":{"@id":"https:\/\/lafilledesalpes.com\/#website"},"primaryImageOfPage":{"@id":"https:\/\/lafilledesalpes.com\/index.php\/2025\/03\/05\/quelle-est-la-meilleure-periode-pour-randonner-dans-les-alpes-climat-et-conseils-mois-par-mois\/#primaryimage"},"image":{"@id":"https:\/\/lafilledesalpes.com\/index.php\/2025\/03\/05\/quelle-est-la-meilleure-periode-pour-randonner-dans-les-alpes-climat-et-conseils-mois-par-mois\/#primaryimage"},"thumbnailUrl":"https:\/\/lafilledesalpes.com\/wp-content\/uploads\/2025\/01\/935A2016-1.webp","datePublished":"2025-03-05T11:15:57+00:00","dateModified":"2026-04-27T13:45:00+00:00","description":"D\u00e9couvre la meilleure p\u00e9riode pour randonner dans les Alpes selon le climat, avec des conseils mois par mois pour bien pr\u00e9parer ton aventure.","breadcrumb":{"@id":"https:\/\/lafilledesalpes.com\/index.php\/2025\/03\/05\/quelle-est-la-meilleure-periode-pour-randonner-dans-les-alpes-climat-et-conseils-mois-par-mois\/#breadcrumb"},"inLanguage":"fr-FR","potentialAction":[{"@type":"ReadAction","target":["https:\/\/lafilledesalpes.com\/index.php\/2025\/03\/05\/quelle-est-la-meilleure-periode-pour-randonner-dans-les-alpes-climat-et-conseils-mois-par-mois\/"]}]},{"@type":"ImageObject","inLanguage":"fr-FR","@id":"https:\/\/lafilledesalpes.com\/index.php\/2025\/03\/05\/quelle-est-la-meilleure-periode-pour-randonner-dans-les-alpes-climat-et-conseils-mois-par-mois\/#primaryimage","url":"https:\/\/lafilledesalpes.com\/wp-content\/uploads\/2025\/01\/935A2016-1.webp","contentUrl":"https:\/\/lafilledesalpes.com\/wp-content\/uploads\/2025\/01\/935A2016-1.webp","width":1500,"height":1000,"caption":"randonneuse devant lac de montagne \u00e0 l'automne"},{"@type":"BreadcrumbList","@id":"https:\/\/lafilledesalpes.com\/index.php\/2025\/03\/05\/quelle-est-la-meilleure-periode-pour-randonner-dans-les-alpes-climat-et-conseils-mois-par-mois\/#breadcrumb","itemListElement":[{"@type":"ListItem","position":1,"name":"Accueil","item":"https:\/\/lafilledesalpes.com\/"},{"@type":"ListItem","position":2,"name":"Quelle est la meilleure p\u00e9riode pour randonner dans les Alpes ? Climat et conseils mois par mois"}]},{"@type":"WebSite","@id":"https:\/\/lafilledesalpes.com\/#website","url":"https:\/\/lafilledesalpes.com\/","name":"La fille des Alpes","description":"Aventures, Road-trip &amp; Montagne","publisher":{"@id":"https:\/\/lafilledesalpes.com\/#organization"},"potentialAction":[{"@type":"SearchAction","target":{"@type":"EntryPoint","urlTemplate":"https:\/\/lafilledesalpes.com\/?s={search_term_string}"},"query-input":{"@type":"PropertyValueSpecification","valueRequired":true,"valueName":"search_term_string"}}],"inLanguage":"fr-FR"},{"@type":"Organization","@id":"https:\/\/lafilledesalpes.com\/#organization","name":"La fille des Alpes","url":"https:\/\/lafilledesalpes.com\/","logo":{"@type":"ImageObject","inLanguage":"fr-FR","@id":"https:\/\/lafilledesalpes.com\/#\/schema\/logo\/image\/","url":"https:\/\/lafilledesalpes.com\/wp-content\/uploads\/2024\/10\/La-fille-des-Alpes-LOGO-sans-texte.png","contentUrl":"https:\/\/lafilledesalpes.com\/wp-content\/uploads\/2024\/10\/La-fille-des-Alpes-LOGO-sans-texte.png","width":1181,"height":1181,"caption":"La fille des Alpes"},"image":{"@id":"https:\/\/lafilledesalpes.com\/#\/schema\/logo\/image\/"}},{"@type":"Person","@id":"https:\/\/lafilledesalpes.com\/#\/schema\/person\/39460442cd595f31ae42021c980ad6e0","name":"lafilledesalpes","image":{"@type":"ImageObject","inLanguage":"fr-FR","@id":"https:\/\/secure.gravatar.com\/avatar\/7182954d4e69b1f10e7cd6edd716f87c90012fe7e0eae1bfa127fa8ae7d0bf63?s=96&d=mm&r=g","url":"https:\/\/secure.gravatar.com\/avatar\/7182954d4e69b1f10e7cd6edd716f87c90012fe7e0eae1bfa127fa8ae7d0bf63?s=96&d=mm&r=g","contentUrl":"https:\/\/secure.gravatar.com\/avatar\/7182954d4e69b1f10e7cd6edd716f87c90012fe7e0eae1bfa127fa8ae7d0bf63?s=96&d=mm&r=g","caption":"lafilledesalpes"},"sameAs":["http:\/\/lafilledesalpes.com"],"url":"https:\/\/lafilledesalpes.com\/index.php\/author\/admin1812\/"}]}},"_links":{"self":[{"href":"https:\/\/lafilledesalpes.com\/index.php\/wp-json\/wp\/v2\/posts\/3989","targetHints":{"allow":["GET"]}}],"collection":[{"href":"https:\/\/lafilledesalpes.com\/index.php\/wp-json\/wp\/v2\/posts"}],"about":[{"href":"https:\/\/lafilledesalpes.com\/index.php\/wp-json\/wp\/v2\/types\/post"}],"author":[{"embeddable":true,"href":"https:\/\/lafilledesalpes.com\/index.php\/wp-json\/wp\/v2\/users\/1"}],"replies":[{"embeddable":true,"href":"https:\/\/lafilledesalpes.com\/index.php\/wp-json\/wp\/v2\/comments?post=3989"}],"version-history":[{"count":0,"href":"https:\/\/lafilledesalpes.com\/index.php\/wp-json\/wp\/v2\/posts\/3989\/revisions"}],"wp:featuredmedia":[{"embeddable":true,"href":"https:\/\/lafilledesalpes.com\/index.php\/wp-json\/wp\/v2\/media\/4034"}],"wp:attachment":[{"href":"https:\/\/lafilledesalpes.com\/index.php\/wp-json\/wp\/v2\/media?parent=3989"}],"wp:term":[{"taxonomy":"category","embeddable":true,"href":"https:\/\/lafilledesalpes.com\/index.php\/wp-json\/wp\/v2\/categories?post=3989"},{"taxonomy":"post_tag","embeddable":true,"href":"https:\/\/lafilledesalpes.com\/index.php\/wp-json\/wp\/v2\/tags?post=3989"}],"curies":[{"name":"wp","href":"https:\/\/api.w.org\/{rel}","templated":true}]}}