{"id":4001,"date":"2025-02-19T12:00:00","date_gmt":"2025-02-19T11:00:00","guid":{"rendered":"https:\/\/lafilledesalpes.com\/?p=4001"},"modified":"2026-04-22T12:09:54","modified_gmt":"2026-04-22T10:09:54","slug":"mon-materiel-photo-ideal-pour-photographier-la-montagne","status":"publish","type":"post","link":"https:\/\/lafilledesalpes.com\/index.php\/2025\/02\/19\/mon-materiel-photo-ideal-pour-photographier-la-montagne\/","title":{"rendered":"Mon mat\u00e9riel photo id\u00e9al pour photographier la montagne"},"content":{"rendered":"\n<p>La montagne, avec ses panoramas grandioses, ses lacs cristallins et ses paysages \u00e0 couper le souffle, est un v\u00e9ritable terrain de jeu pour un photographe. Lorsque je pars en trek, en via ferrata ou m\u00eame en alpinisme, il est essentiel pour moi d\u2019avoir un mat\u00e9riel photo \u00e0 la fois performant, l\u00e9ger et fiable. Voici donc le mat\u00e9riel que j\u2019utilise pour capturer la beaut\u00e9 des montagnes tout en minimisant les risques et en maximisant la qualit\u00e9 de mes images.<\/p>\n\n\n\n<h2 class=\"wp-block-heading\">Les bo\u00eetiers photos hybrides<\/h2>\n\n\n\n<h3 class=\"wp-block-heading\"><u>Canon R50 : le compagnon des longues aventures<\/u><\/h3>\n\n\n\n<p>Lors de mes longs treks ou des courses d\u2019alpinisme, j\u2019emm\u00e8ne souvent le&nbsp;<a href=\"https:\/\/www.canon.fr\/cameras\/eos-r50\/\"><strong>Canon R50<\/strong><\/a>.<\/p>\n\n\n\n<p>J&#8217;ai commenc\u00e9 la photo avec ce boitier et j&#8217;en \u00e9tais ravie. Il est incroyablement l\u00e9ger et compact, ce qui le rend parfait pour les randonn\u00e9es o\u00f9 chaque gramme compte. De plus, il co\u00fbte moins cher que mon autre boitier professionnel, ce qui me permet de le sortir dans des conditions plus extr\u00eames sans trop de crainte. M\u00eame dans les situations o\u00f9 je dois prendre des risques (comme en via ferrata), il reste une option id\u00e9ale, car il est robuste et facilement manipulable d\u2019une seule main.<\/p>\n\n\n\n<div class=\"wp-block-columns is-not-stacked-on-mobile is-layout-flex wp-container-core-columns-is-layout-3b693de2 wp-block-columns-is-layout-flex\">\n<div class=\"wp-block-column is-layout-flow wp-block-column-is-layout-flow\" style=\"flex-basis:50%\">\n<figure class=\"wp-block-image\"><img decoding=\"async\" src=\"https:\/\/lafilledesalpes.com\/wp-content\/uploads\/2024\/10\/ombres-chinoises-montagne-1.jpg\" alt=\"tirage photo d'une ombre chinoise de montagne au lever du soleil\"\/><\/figure>\n<\/div>\n\n\n\n<div class=\"wp-block-column is-layout-flow wp-block-column-is-layout-flow\" style=\"flex-basis:50%\">\n<figure class=\"wp-block-image\"><img decoding=\"async\" src=\"https:\/\/lafilledesalpes.com\/wp-content\/uploads\/2024\/10\/glacier-massif-mont-blanc-coucher-soleil.jpg\" alt=\"tirage photo du massif du mont blanc au coucher de soleil\"\/><\/figure>\n<\/div>\n<\/div>\n\n\n\n<h3 class=\"wp-block-heading\"><u>Canon R7 : pour tout le reste<\/u><\/h3>\n\n\n\n<p>Pour les photos plus classiques, hors des conditions les plus extr\u00eames, j\u2019utilise le&nbsp;<a href=\"https:\/\/www.canon.fr\/cameras\/eos-r7\/\"><strong>Canon R7<\/strong><\/a>. Il est plus polyvalent, avec des fonctionnalit\u00e9s de haute qualit\u00e9 qui me permettent de capturer des paysages en haute r\u00e9solution ou des portraits tout aussi impressionnants. Ce bo\u00eetier est parfait pour faire de la photo animali\u00e8re \u00e9galement.<\/p>\n\n\n\n<figure class=\"wp-block-image\"><img decoding=\"async\" src=\"https:\/\/lafilledesalpes.com\/wp-content\/uploads\/2024\/12\/935A9646-Enhanced-NR.webp\" alt=\"photo du mont blanc ros\u00e9 au coucher du soleil\"\/><\/figure>\n\n\n\n<h2 class=\"wp-block-heading\">Les objectifs pour photographier la montagne<\/h2>\n\n\n\n<h3 class=\"wp-block-heading\"><u>L\u2019objectif polyvalent : 18-150mm \/ f3.5-6.3<\/u><\/h3>\n\n\n\n<p>Cet <a href=\"https:\/\/www.canon.fr\/lenses\/rf-s-18-150mm-f3-5-6-3-is-stm\/\">objectif<\/a> est mon favori pour des photos vari\u00e9es, des paysages \u00e9tendus aux portraits pris sur le vif. Je l\u2019utilise lors de mes randonn\u00e9es, lorsque je ne veux pas perdre de temps \u00e0 changer d\u2019objectif. Son zoom 18-150mm me permet de capturer des vues larges tout en ayant la possibilit\u00e9 de zoomer sur les marmottes au loin.<\/p>\n\n\n\n<figure class=\"wp-block-image\"><img decoding=\"async\" src=\"https:\/\/lafilledesalpes.com\/wp-content\/uploads\/2025\/01\/935A7665-2.webp\" alt=\"refuge devant lac de montagne au coucher du soleil\"\/><\/figure>\n\n\n\n<h3 class=\"wp-block-heading\"><u>L\u2019objectif grand-angle : 14-18mm \/ f4.5-6.3<\/u><\/h3>\n\n\n\n<p>Pour les photos de lacs ou de panoramas dans les Alpes, je ne me passe jamais de cet <a href=\"https:\/\/www.canon.fr\/lenses\/rf-s-10-18mm-f4-5-6-3-is-stm\/\">objectif<\/a>. Ce grand-angle est id\u00e9al pour capturer la majest\u00e9 des paysages montagneux. Il permet de saisir l\u2019ampleur d\u2019un lac alpin ou d\u2019un sommet enneig\u00e9, tout en donnant une sensation d\u2019immersion totale. Si tu veux faire ressortir la beaut\u00e9 naturelle des montagnes dans toute leur splendeur, cet objectif est un must-have.<\/p>\n\n\n\n<div class=\"wp-block-columns is-not-stacked-on-mobile is-layout-flex wp-container-core-columns-is-layout-3b693de2 wp-block-columns-is-layout-flex\">\n<div class=\"wp-block-column is-layout-flow wp-block-column-is-layout-flow\" style=\"flex-basis:50%\">\n<figure class=\"wp-block-image\"><img decoding=\"async\" src=\"https:\/\/lafilledesalpes.com\/wp-content\/uploads\/2024\/07\/935A7152-2.jpg\" alt=\"lac bleu turquoise en montagne\"\/><\/figure>\n<\/div>\n\n\n\n<div class=\"wp-block-column is-layout-flow wp-block-column-is-layout-flow\" style=\"flex-basis:50%\">\n<figure class=\"wp-block-image\"><img decoding=\"async\" src=\"https:\/\/lafilledesalpes.com\/wp-content\/uploads\/2024\/07\/935A7143-2.jpg\" alt=\"lac bleu turquoise en montagne\"\/><\/figure>\n<\/div>\n<\/div>\n\n\n\n<h3 class=\"wp-block-heading\"><u>L\u2019objectif fixe : 50mm \/ f1.8<\/u><\/h3>\n\n\n\n<p>Mon <a href=\"https:\/\/www.canon.fr\/lenses\/ef-50mm-f-1-8-stm-lens\/\"><strong>50mm f1.8<\/strong><\/a> est mon objectif pr\u00e9f\u00e9r\u00e9 pour les portraits ou la macro. En montagne, il me permet de r\u00e9aliser des portraits nets avec un joli flou d\u2019arri\u00e8re-plan, tout en \u00e9tant assez lumineux pour les conditions de faible luminosit\u00e9. De plus, il est id\u00e9al pour capturer les petits d\u00e9tails de la nature, comme des fleurs de montagne ou des insectes, gr\u00e2ce \u00e0 sa capacit\u00e9 \u00e0 se focaliser \u00e0 courte distance.<\/p>\n\n\n\n<div class=\"wp-block-columns is-not-stacked-on-mobile is-layout-flex wp-container-core-columns-is-layout-3b693de2 wp-block-columns-is-layout-flex\">\n<div class=\"wp-block-column is-layout-flow wp-block-column-is-layout-flow\" style=\"flex-basis:50.01%\">\n<figure class=\"wp-block-image\"><img decoding=\"async\" src=\"https:\/\/lafilledesalpes.com\/wp-content\/uploads\/2025\/01\/935A9870.webp\" alt=\"petit sapin recouvert de neige dans la neige\"\/><\/figure>\n<\/div>\n\n\n\n<div class=\"wp-block-column is-layout-flow wp-block-column-is-layout-flow\" style=\"flex-basis:49.99%\">\n<figure class=\"wp-block-image\"><img decoding=\"async\" src=\"https:\/\/lafilledesalpes.com\/wp-content\/uploads\/2025\/01\/935A9858.webp\" alt=\"sapin recouvert de neige en photo macro\"\/><\/figure>\n<\/div>\n<\/div>\n\n\n\n<h3 class=\"wp-block-heading\"><u>L\u2019objectif zoom : 100-400mm \/ f5.6-8<\/u><\/h3>\n\n\n\n<p>Ce <a href=\"https:\/\/www.canon.fr\/lenses\/rf-100-400-f5-6-8-is-usm\/\">zoom 100-400mm<\/a> est le plus abordable, d&#8217;o\u00f9 son ouverture non optimis\u00e9e. Avec lui je peux capturer la faune lointaine, mais aussi des paysages plus d\u00e9taill\u00e9s en montagne. Il est l\u00e9ger et compact.<\/p>\n\n\n\n<div class=\"wp-block-columns is-not-stacked-on-mobile is-layout-flex wp-container-core-columns-is-layout-3b693de2 wp-block-columns-is-layout-flex\">\n<div class=\"wp-block-column is-layout-flow wp-block-column-is-layout-flow\" style=\"flex-basis:50%\">\n<figure class=\"wp-block-image\"><img decoding=\"async\" src=\"https:\/\/lafilledesalpes.com\/wp-content\/uploads\/2025\/09\/Norvege-en-van-@lafilledesalpes-.webp\" alt=\"elan\"\/><\/figure>\n<\/div>\n\n\n\n<div class=\"wp-block-column is-layout-flow wp-block-column-is-layout-flow\" style=\"flex-basis:50%\">\n<figure class=\"wp-block-image\"><img decoding=\"async\" src=\"https:\/\/lafilledesalpes.com\/wp-content\/uploads\/2025\/09\/Norvege-en-van-@lafilledesalpes-1.webp\" alt=\"macaraeux sur l'eau\"\/><\/figure>\n<\/div>\n<\/div>\n\n\n\n<h2 class=\"wp-block-heading\">Le Drone : prise de vue unique<\/h2>\n\n\n\n<p>C\u2019est le dernier arriv\u00e9 dans mon sac photo, et il m\u2019accompagne d\u00e9sormais sur presque toutes mes aventures. Le <strong data-start=\"218\" data-end=\"236\">DJI Mini 4 Pro<\/strong> (<a href=\"https:\/\/store.dji.com\/fr\/product\/dji-mini-4-pro?utm_source%5B%5D=google&amp;utm_source%5B%5D=google&amp;utm_medium%5B%5D=cpc&amp;utm_medium%5B%5D=cpc&amp;utm_campaign=EU-FR-SEM-Drone-product-Mini4pro-2023-launch-mini4pro&amp;gad_source=1&amp;gad_campaignid=20581631935&amp;gbraid=0AAAAADO_H_dJZcZAYM_XinPCC_1Zc3iZ-&amp;gclid=Cj0KCQiA5abIBhCaARIsAM3-zFVxvymBnXG9IYSS43pThR1m6bZQmkXpp3Zy3M94BfGAo0hpoHSMT8EaAjB8EALw_wcB&amp;vid=148581\">disponible ici<\/a>) a l\u2019avantage d\u2019\u00eatre ultra compact et l\u00e9ger, ce qui me permet de le prendre de partout, m\u00eame en randonn\u00e9e (et parfois en trek). Sa qualit\u00e9 d\u2019image est g\u00e9nial que ce soit en photo ou en vid\u00e9o. Il a des modes de vol automatiques (comme le suivi ou des trajectoires sp\u00e9cifiques) alors \u00e7a permet de cr\u00e9er facilement des plans, m\u00eame en solo et sans le maitriser \u00e0 fond. Il reste super facile \u00e0 piloter, m\u00eame pour si vous n&#8217;\u00eates pas \u00e0 l&#8217;aise. Bref, moi j&#8217;avoue que je l&#8217;adore pour donner une nouvelle dimension \u00e0 mes photos et vid\u00e9os de montagne !<\/p>\n\n\n\n<div class=\"wp-block-columns is-not-stacked-on-mobile is-layout-flex wp-container-core-columns-is-layout-3b693de2 wp-block-columns-is-layout-flex\">\n<div class=\"wp-block-column is-layout-flow wp-block-column-is-layout-flow\" style=\"flex-basis:33.34%\">\n<figure class=\"wp-block-image\"><img decoding=\"async\" src=\"https:\/\/lafilledesalpes.com\/wp-content\/uploads\/2025\/11\/Julie-CAPELA-@lafilledesalpes-48.webp\" alt=\"photo a\u00e9rienne d'hennigsvaer et son stade de foot perch\u00e9\"\/><\/figure>\n<\/div>\n\n\n\n<div class=\"wp-block-column is-layout-flow wp-block-column-is-layout-flow\" style=\"flex-basis:33.34%\">\n<figure class=\"wp-block-image\"><img decoding=\"async\" src=\"https:\/\/lafilledesalpes.com\/wp-content\/uploads\/2025\/11\/Julie-CAPELA-@lafilledesalpes-49-1.webp\" alt=\"van au pied d'un tozal dans un desert\"\/><\/figure>\n<\/div>\n\n\n\n<div class=\"wp-block-column is-layout-flow wp-block-column-is-layout-flow\" style=\"flex-basis:33.33%\">\n<figure class=\"wp-block-image\"><img decoding=\"async\" src=\"https:\/\/lafilledesalpes.com\/wp-content\/uploads\/2025\/11\/Julie-CAPELA-@lafilledesalpes-49.webp\" alt=\"photo a\u00e9rienne de cr\u00eate en montagne\"\/><\/figure>\n<\/div>\n<\/div>\n\n\n\n<h2 class=\"wp-block-heading\">Le tr\u00e9pied : l\u00e9ger et pratique<\/h2>\n\n\n\n<p>Le tr\u00e9pied est un \u00e9l\u00e9ment essentiel de mon \u00e9quipement, notamment pour les photos de paysages en basse lumi\u00e8re ou pour obtenir des prises de vue stabilis\u00e9es en altitude. J\u2019utilise le tr\u00e9pied <strong>K&amp;F Concept <\/strong>163cm et 1,15kg (<a href=\"https:\/\/www.kentfaith.fr\/KF09.101_64,2''-163cm-tr%C3%A9pied-appareil-photo-en-aluminium-tr%C3%A9pied-photo-de-voyage-portable-l%C3%A9ger-avec-clip-de-t%C3%A9l%C3%A9phone?gad_source=1&amp;gclid=CjwKCAiAnKi8BhB0EiwA58DA4QB69VpjqZofJ0eVMGefLtxFQrZEW42-ZpIAmB4g7LA4yT0wS04nLhoCGLYQAvD_BwE\">disponible ici<\/a>), un mod\u00e8le en aluminium l\u00e9ger et tr\u00e8s pratique pour la photographie de voyage. Il est suffisamment compact pour se glisser dans mon sac \u00e0 dos, mais aussi assez stable pour maintenir l\u2019appareil en place, m\u00eame dans des conditions venteuses en haute montagne. Sa capacit\u00e9 \u00e0 s\u2019adapter \u00e0 diff\u00e9rents types de terrain en fait un outil polyvalent et indispensable.<\/p>\n\n\n\n<h2 class=\"wp-block-heading\">Pourquoi ce mat\u00e9riel est id\u00e9al pour la montagne ?<\/h2>\n\n\n\n<p>Mon choix de mat\u00e9riel est bas\u00e9 sur plusieurs crit\u00e8res : la l\u00e9g\u00e8ret\u00e9, la fiabilit\u00e9 et la polyvalence. En montagne, chaque gramme compte, et je cherche donc \u00e0 \u00e9viter le mat\u00e9riel trop lourd. En m\u00eame temps, la qualit\u00e9 de l\u2019image doit \u00eatre irr\u00e9prochable, surtout pour les paysages qui demandent des d\u00e9tails fins et une bonne gestion de la lumi\u00e8re. Ce mat\u00e9riel me permet de capturer des photos de haute qualit\u00e9 tout en me permettant de bouger librement dans les environnements parfois exigeants de la montagne.<\/p>\n\n\n\n<figure class=\"wp-block-image\"><img decoding=\"async\" src=\"https:\/\/lafilledesalpes.com\/wp-content\/uploads\/2024\/12\/935A8995-Enhanced-NR-1.webp\" alt=\"chalet devant le mont blanc dans la neige avec des sapins\"\/><\/figure>\n\n\n\n<p>En r\u00e9sum\u00e9, mon mat\u00e9riel photo pour la montagne est con\u00e7u pour \u00eatre \u00e0 la fois l\u00e9ger et performant. Le Canon R7 me suit dans mes aventures quotidiennes en montagne ou ailleurs, tandis que le <strong>Canon R50<\/strong> prend le relais pour les treks et via ferrata. Les objectifs, notamment le <strong>14-18mm<\/strong>, me permettent de capturer les grands paysages alpins, et le 18-1<strong>50mm <\/strong>est parfait pour la polyvalence que demande le secteur de la montagne&nbsp;: des paysages divers et vari\u00e9s mais aussi de la photo animali\u00e8re. Enfin, le tr\u00e9pied <strong>K&amp;F Concept<\/strong> garantit une stabilit\u00e9 essentielle pour des photos nettes, m\u00eame dans des conditions extr\u00eames.<\/p>\n\n\n\n<p>Si toi aussi tu souhaites capturer la montagne dans toute sa beaut\u00e9, choisir le bon mat\u00e9riel est crucial. Avec cet \u00e9quipement, tu seras pr\u00eat \u00e0 saisir tous les moments magiques de tes aventures alpines.<\/p>\n","protected":false},"excerpt":{"rendered":"<p>Tout le mat\u00e9riel et les exemples de photos dans cet article.<\/p>\n","protected":false},"author":1,"featured_media":3123,"comment_status":"open","ping_status":"open","sticky":false,"template":"","format":"standard","meta":{"_acf_changed":false,"pgc_sgb_lightbox_settings":"","footnotes":""},"categories":[107,131,132,119],"tags":[],"class_list":["post-4001","post","type-post","status-publish","format-standard","has-post-thumbnail","hentry","category-conseils-et-equipement","category-conseils-rando","category-conseils-van","category-type"],"acf":[],"yoast_head":"<!-- This site is optimized with the Yoast SEO plugin v27.4 - https:\/\/yoast.com\/product\/yoast-seo-wordpress\/ -->\n<title>Mon mat\u00e9riel photo id\u00e9al pour photographier la montagne<\/title>\n<meta name=\"description\" content=\"Vous r\u00eavez de capturer la montagne en photo ? D\u00e9couvre le mat\u00e9riel photo id\u00e9al pour cr\u00e9er tes plus beaux souvenirs en montagne !\" \/>\n<meta name=\"robots\" content=\"index, follow, max-snippet:-1, max-image-preview:large, max-video-preview:-1\" \/>\n<link rel=\"canonical\" href=\"https:\/\/lafilledesalpes.com\/index.php\/2025\/02\/19\/mon-materiel-photo-ideal-pour-photographier-la-montagne\/\" \/>\n<meta property=\"og:locale\" content=\"fr_FR\" \/>\n<meta property=\"og:type\" content=\"article\" \/>\n<meta property=\"og:title\" content=\"Mon mat\u00e9riel photo id\u00e9al pour photographier la montagne\" \/>\n<meta property=\"og:description\" content=\"Vous r\u00eavez de capturer la montagne en photo ? D\u00e9couvre le mat\u00e9riel photo id\u00e9al pour cr\u00e9er tes plus beaux souvenirs en montagne !\" \/>\n<meta property=\"og:url\" content=\"https:\/\/lafilledesalpes.com\/index.php\/2025\/02\/19\/mon-materiel-photo-ideal-pour-photographier-la-montagne\/\" \/>\n<meta property=\"og:site_name\" content=\"La Fille des Alpes\" \/>\n<meta property=\"article:published_time\" content=\"2025-02-19T11:00:00+00:00\" \/>\n<meta property=\"article:modified_time\" content=\"2026-04-22T10:09:54+00:00\" \/>\n<meta property=\"og:image\" content=\"https:\/\/lafilledesalpes.com\/wp-content\/uploads\/2024\/10\/coucher-soleil-cheval-pyrenees-e1734440612294.jpg\" \/>\n\t<meta property=\"og:image:width\" content=\"1332\" \/>\n\t<meta property=\"og:image:height\" content=\"888\" \/>\n\t<meta property=\"og:image:type\" content=\"image\/jpeg\" \/>\n<meta name=\"author\" content=\"lafilledesalpes\" \/>\n<meta name=\"twitter:card\" content=\"summary_large_image\" \/>\n<meta name=\"twitter:label1\" content=\"\u00c9crit par\" \/>\n\t<meta name=\"twitter:data1\" content=\"lafilledesalpes\" \/>\n\t<meta name=\"twitter:label2\" content=\"Dur\u00e9e de lecture estim\u00e9e\" \/>\n\t<meta name=\"twitter:data2\" content=\"8 minutes\" \/>\n<script type=\"application\/ld+json\" class=\"yoast-schema-graph\">{\"@context\":\"https:\\\/\\\/schema.org\",\"@graph\":[{\"@type\":\"Article\",\"@id\":\"https:\\\/\\\/lafilledesalpes.com\\\/index.php\\\/2025\\\/02\\\/19\\\/mon-materiel-photo-ideal-pour-photographier-la-montagne\\\/#article\",\"isPartOf\":{\"@id\":\"https:\\\/\\\/lafilledesalpes.com\\\/index.php\\\/2025\\\/02\\\/19\\\/mon-materiel-photo-ideal-pour-photographier-la-montagne\\\/\"},\"author\":{\"name\":\"lafilledesalpes\",\"@id\":\"https:\\\/\\\/lafilledesalpes.com\\\/#\\\/schema\\\/person\\\/39460442cd595f31ae42021c980ad6e0\"},\"headline\":\"Mon mat\u00e9riel photo id\u00e9al pour photographier la montagne\",\"datePublished\":\"2025-02-19T11:00:00+00:00\",\"dateModified\":\"2026-04-22T10:09:54+00:00\",\"mainEntityOfPage\":{\"@id\":\"https:\\\/\\\/lafilledesalpes.com\\\/index.php\\\/2025\\\/02\\\/19\\\/mon-materiel-photo-ideal-pour-photographier-la-montagne\\\/\"},\"wordCount\":1074,\"commentCount\":1,\"publisher\":{\"@id\":\"https:\\\/\\\/lafilledesalpes.com\\\/#organization\"},\"image\":{\"@id\":\"https:\\\/\\\/lafilledesalpes.com\\\/index.php\\\/2025\\\/02\\\/19\\\/mon-materiel-photo-ideal-pour-photographier-la-montagne\\\/#primaryimage\"},\"thumbnailUrl\":\"https:\\\/\\\/lafilledesalpes.com\\\/wp-content\\\/uploads\\\/2024\\\/10\\\/coucher-soleil-cheval-pyrenees-e1734440612294.jpg\",\"articleSection\":[\"Conseils et \u00e9quipement\",\"Conseils rando\",\"Conseils van\",\"Type\"],\"inLanguage\":\"fr-FR\",\"potentialAction\":[{\"@type\":\"CommentAction\",\"name\":\"Comment\",\"target\":[\"https:\\\/\\\/lafilledesalpes.com\\\/index.php\\\/2025\\\/02\\\/19\\\/mon-materiel-photo-ideal-pour-photographier-la-montagne\\\/#respond\"]}]},{\"@type\":\"WebPage\",\"@id\":\"https:\\\/\\\/lafilledesalpes.com\\\/index.php\\\/2025\\\/02\\\/19\\\/mon-materiel-photo-ideal-pour-photographier-la-montagne\\\/\",\"url\":\"https:\\\/\\\/lafilledesalpes.com\\\/index.php\\\/2025\\\/02\\\/19\\\/mon-materiel-photo-ideal-pour-photographier-la-montagne\\\/\",\"name\":\"Mon mat\u00e9riel photo id\u00e9al pour photographier la montagne\",\"isPartOf\":{\"@id\":\"https:\\\/\\\/lafilledesalpes.com\\\/#website\"},\"primaryImageOfPage\":{\"@id\":\"https:\\\/\\\/lafilledesalpes.com\\\/index.php\\\/2025\\\/02\\\/19\\\/mon-materiel-photo-ideal-pour-photographier-la-montagne\\\/#primaryimage\"},\"image\":{\"@id\":\"https:\\\/\\\/lafilledesalpes.com\\\/index.php\\\/2025\\\/02\\\/19\\\/mon-materiel-photo-ideal-pour-photographier-la-montagne\\\/#primaryimage\"},\"thumbnailUrl\":\"https:\\\/\\\/lafilledesalpes.com\\\/wp-content\\\/uploads\\\/2024\\\/10\\\/coucher-soleil-cheval-pyrenees-e1734440612294.jpg\",\"datePublished\":\"2025-02-19T11:00:00+00:00\",\"dateModified\":\"2026-04-22T10:09:54+00:00\",\"description\":\"Vous r\u00eavez de capturer la montagne en photo ? D\u00e9couvre le mat\u00e9riel photo id\u00e9al pour cr\u00e9er tes plus beaux souvenirs en montagne !\",\"breadcrumb\":{\"@id\":\"https:\\\/\\\/lafilledesalpes.com\\\/index.php\\\/2025\\\/02\\\/19\\\/mon-materiel-photo-ideal-pour-photographier-la-montagne\\\/#breadcrumb\"},\"inLanguage\":\"fr-FR\",\"potentialAction\":[{\"@type\":\"ReadAction\",\"target\":[\"https:\\\/\\\/lafilledesalpes.com\\\/index.php\\\/2025\\\/02\\\/19\\\/mon-materiel-photo-ideal-pour-photographier-la-montagne\\\/\"]}]},{\"@type\":\"ImageObject\",\"inLanguage\":\"fr-FR\",\"@id\":\"https:\\\/\\\/lafilledesalpes.com\\\/index.php\\\/2025\\\/02\\\/19\\\/mon-materiel-photo-ideal-pour-photographier-la-montagne\\\/#primaryimage\",\"url\":\"https:\\\/\\\/lafilledesalpes.com\\\/wp-content\\\/uploads\\\/2024\\\/10\\\/coucher-soleil-cheval-pyrenees-e1734440612294.jpg\",\"contentUrl\":\"https:\\\/\\\/lafilledesalpes.com\\\/wp-content\\\/uploads\\\/2024\\\/10\\\/coucher-soleil-cheval-pyrenees-e1734440612294.jpg\",\"width\":1332,\"height\":888,\"caption\":\"photo d'un coucher de soleil dans les pyr\u00e9n\u00e9es dans un alpage avec un cheval\"},{\"@type\":\"BreadcrumbList\",\"@id\":\"https:\\\/\\\/lafilledesalpes.com\\\/index.php\\\/2025\\\/02\\\/19\\\/mon-materiel-photo-ideal-pour-photographier-la-montagne\\\/#breadcrumb\",\"itemListElement\":[{\"@type\":\"ListItem\",\"position\":1,\"name\":\"Accueil\",\"item\":\"https:\\\/\\\/lafilledesalpes.com\\\/\"},{\"@type\":\"ListItem\",\"position\":2,\"name\":\"Mon mat\u00e9riel photo id\u00e9al pour photographier la montagne\"}]},{\"@type\":\"WebSite\",\"@id\":\"https:\\\/\\\/lafilledesalpes.com\\\/#website\",\"url\":\"https:\\\/\\\/lafilledesalpes.com\\\/\",\"name\":\"La fille des Alpes\",\"description\":\"Aventures, Road-trip &amp; Montagne\",\"publisher\":{\"@id\":\"https:\\\/\\\/lafilledesalpes.com\\\/#organization\"},\"potentialAction\":[{\"@type\":\"SearchAction\",\"target\":{\"@type\":\"EntryPoint\",\"urlTemplate\":\"https:\\\/\\\/lafilledesalpes.com\\\/?s={search_term_string}\"},\"query-input\":{\"@type\":\"PropertyValueSpecification\",\"valueRequired\":true,\"valueName\":\"search_term_string\"}}],\"inLanguage\":\"fr-FR\"},{\"@type\":\"Organization\",\"@id\":\"https:\\\/\\\/lafilledesalpes.com\\\/#organization\",\"name\":\"La fille des Alpes\",\"url\":\"https:\\\/\\\/lafilledesalpes.com\\\/\",\"logo\":{\"@type\":\"ImageObject\",\"inLanguage\":\"fr-FR\",\"@id\":\"https:\\\/\\\/lafilledesalpes.com\\\/#\\\/schema\\\/logo\\\/image\\\/\",\"url\":\"https:\\\/\\\/lafilledesalpes.com\\\/wp-content\\\/uploads\\\/2024\\\/10\\\/La-fille-des-Alpes-LOGO-sans-texte.png\",\"contentUrl\":\"https:\\\/\\\/lafilledesalpes.com\\\/wp-content\\\/uploads\\\/2024\\\/10\\\/La-fille-des-Alpes-LOGO-sans-texte.png\",\"width\":1181,\"height\":1181,\"caption\":\"La fille des Alpes\"},\"image\":{\"@id\":\"https:\\\/\\\/lafilledesalpes.com\\\/#\\\/schema\\\/logo\\\/image\\\/\"}},{\"@type\":\"Person\",\"@id\":\"https:\\\/\\\/lafilledesalpes.com\\\/#\\\/schema\\\/person\\\/39460442cd595f31ae42021c980ad6e0\",\"name\":\"lafilledesalpes\",\"image\":{\"@type\":\"ImageObject\",\"inLanguage\":\"fr-FR\",\"@id\":\"https:\\\/\\\/secure.gravatar.com\\\/avatar\\\/7182954d4e69b1f10e7cd6edd716f87c90012fe7e0eae1bfa127fa8ae7d0bf63?s=96&d=mm&r=g\",\"url\":\"https:\\\/\\\/secure.gravatar.com\\\/avatar\\\/7182954d4e69b1f10e7cd6edd716f87c90012fe7e0eae1bfa127fa8ae7d0bf63?s=96&d=mm&r=g\",\"contentUrl\":\"https:\\\/\\\/secure.gravatar.com\\\/avatar\\\/7182954d4e69b1f10e7cd6edd716f87c90012fe7e0eae1bfa127fa8ae7d0bf63?s=96&d=mm&r=g\",\"caption\":\"lafilledesalpes\"},\"sameAs\":[\"http:\\\/\\\/lafilledesalpes.com\"],\"url\":\"https:\\\/\\\/lafilledesalpes.com\\\/index.php\\\/author\\\/admin1812\\\/\"}]}<\/script>\n<!-- \/ Yoast SEO plugin. -->","yoast_head_json":{"title":"Mon mat\u00e9riel photo id\u00e9al pour photographier la montagne","description":"Vous r\u00eavez de capturer la montagne en photo ? D\u00e9couvre le mat\u00e9riel photo id\u00e9al pour cr\u00e9er tes plus beaux souvenirs en montagne !","robots":{"index":"index","follow":"follow","max-snippet":"max-snippet:-1","max-image-preview":"max-image-preview:large","max-video-preview":"max-video-preview:-1"},"canonical":"https:\/\/lafilledesalpes.com\/index.php\/2025\/02\/19\/mon-materiel-photo-ideal-pour-photographier-la-montagne\/","og_locale":"fr_FR","og_type":"article","og_title":"Mon mat\u00e9riel photo id\u00e9al pour photographier la montagne","og_description":"Vous r\u00eavez de capturer la montagne en photo ? D\u00e9couvre le mat\u00e9riel photo id\u00e9al pour cr\u00e9er tes plus beaux souvenirs en montagne !","og_url":"https:\/\/lafilledesalpes.com\/index.php\/2025\/02\/19\/mon-materiel-photo-ideal-pour-photographier-la-montagne\/","og_site_name":"La Fille des Alpes","article_published_time":"2025-02-19T11:00:00+00:00","article_modified_time":"2026-04-22T10:09:54+00:00","og_image":[{"width":1332,"height":888,"url":"https:\/\/lafilledesalpes.com\/wp-content\/uploads\/2024\/10\/coucher-soleil-cheval-pyrenees-e1734440612294.jpg","type":"image\/jpeg"}],"author":"lafilledesalpes","twitter_card":"summary_large_image","twitter_misc":{"\u00c9crit par":"lafilledesalpes","Dur\u00e9e de lecture estim\u00e9e":"8 minutes"},"schema":{"@context":"https:\/\/schema.org","@graph":[{"@type":"Article","@id":"https:\/\/lafilledesalpes.com\/index.php\/2025\/02\/19\/mon-materiel-photo-ideal-pour-photographier-la-montagne\/#article","isPartOf":{"@id":"https:\/\/lafilledesalpes.com\/index.php\/2025\/02\/19\/mon-materiel-photo-ideal-pour-photographier-la-montagne\/"},"author":{"name":"lafilledesalpes","@id":"https:\/\/lafilledesalpes.com\/#\/schema\/person\/39460442cd595f31ae42021c980ad6e0"},"headline":"Mon mat\u00e9riel photo id\u00e9al pour photographier la montagne","datePublished":"2025-02-19T11:00:00+00:00","dateModified":"2026-04-22T10:09:54+00:00","mainEntityOfPage":{"@id":"https:\/\/lafilledesalpes.com\/index.php\/2025\/02\/19\/mon-materiel-photo-ideal-pour-photographier-la-montagne\/"},"wordCount":1074,"commentCount":1,"publisher":{"@id":"https:\/\/lafilledesalpes.com\/#organization"},"image":{"@id":"https:\/\/lafilledesalpes.com\/index.php\/2025\/02\/19\/mon-materiel-photo-ideal-pour-photographier-la-montagne\/#primaryimage"},"thumbnailUrl":"https:\/\/lafilledesalpes.com\/wp-content\/uploads\/2024\/10\/coucher-soleil-cheval-pyrenees-e1734440612294.jpg","articleSection":["Conseils et \u00e9quipement","Conseils rando","Conseils van","Type"],"inLanguage":"fr-FR","potentialAction":[{"@type":"CommentAction","name":"Comment","target":["https:\/\/lafilledesalpes.com\/index.php\/2025\/02\/19\/mon-materiel-photo-ideal-pour-photographier-la-montagne\/#respond"]}]},{"@type":"WebPage","@id":"https:\/\/lafilledesalpes.com\/index.php\/2025\/02\/19\/mon-materiel-photo-ideal-pour-photographier-la-montagne\/","url":"https:\/\/lafilledesalpes.com\/index.php\/2025\/02\/19\/mon-materiel-photo-ideal-pour-photographier-la-montagne\/","name":"Mon mat\u00e9riel photo id\u00e9al pour photographier la montagne","isPartOf":{"@id":"https:\/\/lafilledesalpes.com\/#website"},"primaryImageOfPage":{"@id":"https:\/\/lafilledesalpes.com\/index.php\/2025\/02\/19\/mon-materiel-photo-ideal-pour-photographier-la-montagne\/#primaryimage"},"image":{"@id":"https:\/\/lafilledesalpes.com\/index.php\/2025\/02\/19\/mon-materiel-photo-ideal-pour-photographier-la-montagne\/#primaryimage"},"thumbnailUrl":"https:\/\/lafilledesalpes.com\/wp-content\/uploads\/2024\/10\/coucher-soleil-cheval-pyrenees-e1734440612294.jpg","datePublished":"2025-02-19T11:00:00+00:00","dateModified":"2026-04-22T10:09:54+00:00","description":"Vous r\u00eavez de capturer la montagne en photo ? D\u00e9couvre le mat\u00e9riel photo id\u00e9al pour cr\u00e9er tes plus beaux souvenirs en montagne !","breadcrumb":{"@id":"https:\/\/lafilledesalpes.com\/index.php\/2025\/02\/19\/mon-materiel-photo-ideal-pour-photographier-la-montagne\/#breadcrumb"},"inLanguage":"fr-FR","potentialAction":[{"@type":"ReadAction","target":["https:\/\/lafilledesalpes.com\/index.php\/2025\/02\/19\/mon-materiel-photo-ideal-pour-photographier-la-montagne\/"]}]},{"@type":"ImageObject","inLanguage":"fr-FR","@id":"https:\/\/lafilledesalpes.com\/index.php\/2025\/02\/19\/mon-materiel-photo-ideal-pour-photographier-la-montagne\/#primaryimage","url":"https:\/\/lafilledesalpes.com\/wp-content\/uploads\/2024\/10\/coucher-soleil-cheval-pyrenees-e1734440612294.jpg","contentUrl":"https:\/\/lafilledesalpes.com\/wp-content\/uploads\/2024\/10\/coucher-soleil-cheval-pyrenees-e1734440612294.jpg","width":1332,"height":888,"caption":"photo d'un coucher de soleil dans les pyr\u00e9n\u00e9es dans un alpage avec un cheval"},{"@type":"BreadcrumbList","@id":"https:\/\/lafilledesalpes.com\/index.php\/2025\/02\/19\/mon-materiel-photo-ideal-pour-photographier-la-montagne\/#breadcrumb","itemListElement":[{"@type":"ListItem","position":1,"name":"Accueil","item":"https:\/\/lafilledesalpes.com\/"},{"@type":"ListItem","position":2,"name":"Mon mat\u00e9riel photo id\u00e9al pour photographier la montagne"}]},{"@type":"WebSite","@id":"https:\/\/lafilledesalpes.com\/#website","url":"https:\/\/lafilledesalpes.com\/","name":"La fille des Alpes","description":"Aventures, Road-trip &amp; Montagne","publisher":{"@id":"https:\/\/lafilledesalpes.com\/#organization"},"potentialAction":[{"@type":"SearchAction","target":{"@type":"EntryPoint","urlTemplate":"https:\/\/lafilledesalpes.com\/?s={search_term_string}"},"query-input":{"@type":"PropertyValueSpecification","valueRequired":true,"valueName":"search_term_string"}}],"inLanguage":"fr-FR"},{"@type":"Organization","@id":"https:\/\/lafilledesalpes.com\/#organization","name":"La fille des Alpes","url":"https:\/\/lafilledesalpes.com\/","logo":{"@type":"ImageObject","inLanguage":"fr-FR","@id":"https:\/\/lafilledesalpes.com\/#\/schema\/logo\/image\/","url":"https:\/\/lafilledesalpes.com\/wp-content\/uploads\/2024\/10\/La-fille-des-Alpes-LOGO-sans-texte.png","contentUrl":"https:\/\/lafilledesalpes.com\/wp-content\/uploads\/2024\/10\/La-fille-des-Alpes-LOGO-sans-texte.png","width":1181,"height":1181,"caption":"La fille des Alpes"},"image":{"@id":"https:\/\/lafilledesalpes.com\/#\/schema\/logo\/image\/"}},{"@type":"Person","@id":"https:\/\/lafilledesalpes.com\/#\/schema\/person\/39460442cd595f31ae42021c980ad6e0","name":"lafilledesalpes","image":{"@type":"ImageObject","inLanguage":"fr-FR","@id":"https:\/\/secure.gravatar.com\/avatar\/7182954d4e69b1f10e7cd6edd716f87c90012fe7e0eae1bfa127fa8ae7d0bf63?s=96&d=mm&r=g","url":"https:\/\/secure.gravatar.com\/avatar\/7182954d4e69b1f10e7cd6edd716f87c90012fe7e0eae1bfa127fa8ae7d0bf63?s=96&d=mm&r=g","contentUrl":"https:\/\/secure.gravatar.com\/avatar\/7182954d4e69b1f10e7cd6edd716f87c90012fe7e0eae1bfa127fa8ae7d0bf63?s=96&d=mm&r=g","caption":"lafilledesalpes"},"sameAs":["http:\/\/lafilledesalpes.com"],"url":"https:\/\/lafilledesalpes.com\/index.php\/author\/admin1812\/"}]}},"_links":{"self":[{"href":"https:\/\/lafilledesalpes.com\/index.php\/wp-json\/wp\/v2\/posts\/4001","targetHints":{"allow":["GET"]}}],"collection":[{"href":"https:\/\/lafilledesalpes.com\/index.php\/wp-json\/wp\/v2\/posts"}],"about":[{"href":"https:\/\/lafilledesalpes.com\/index.php\/wp-json\/wp\/v2\/types\/post"}],"author":[{"embeddable":true,"href":"https:\/\/lafilledesalpes.com\/index.php\/wp-json\/wp\/v2\/users\/1"}],"replies":[{"embeddable":true,"href":"https:\/\/lafilledesalpes.com\/index.php\/wp-json\/wp\/v2\/comments?post=4001"}],"version-history":[{"count":0,"href":"https:\/\/lafilledesalpes.com\/index.php\/wp-json\/wp\/v2\/posts\/4001\/revisions"}],"wp:featuredmedia":[{"embeddable":true,"href":"https:\/\/lafilledesalpes.com\/index.php\/wp-json\/wp\/v2\/media\/3123"}],"wp:attachment":[{"href":"https:\/\/lafilledesalpes.com\/index.php\/wp-json\/wp\/v2\/media?parent=4001"}],"wp:term":[{"taxonomy":"category","embeddable":true,"href":"https:\/\/lafilledesalpes.com\/index.php\/wp-json\/wp\/v2\/categories?post=4001"},{"taxonomy":"post_tag","embeddable":true,"href":"https:\/\/lafilledesalpes.com\/index.php\/wp-json\/wp\/v2\/tags?post=4001"}],"curies":[{"name":"wp","href":"https:\/\/api.w.org\/{rel}","templated":true}]}}