{"id":4303,"date":"2025-04-02T10:41:18","date_gmt":"2025-04-02T08:41:18","guid":{"rendered":"https:\/\/lafilledesalpes.com\/?p=4303"},"modified":"2026-04-27T15:44:17","modified_gmt":"2026-04-27T13:44:17","slug":"les-5-erreurs-les-plus-courantes-en-randonnee-et-comment-les-eviter","status":"publish","type":"post","link":"https:\/\/lafilledesalpes.com\/index.php\/2025\/04\/02\/les-5-erreurs-les-plus-courantes-en-randonnee-et-comment-les-eviter\/","title":{"rendered":"Les 5 erreurs les plus courantes en randonn\u00e9e (et comment les \u00e9viter)"},"content":{"rendered":"\n<p>La randonn\u00e9e, c\u2019est la libert\u00e9, l\u2019\u00e9vasion, le plaisir de marcher au c\u0153ur de la nature. Mais une belle sortie peut vite tourner au cauchemar \u00e0 cause d\u2019une petite erreur. Qui n\u2019a jamais pris le mauvais sentier ou sous-estim\u00e9 la m\u00e9t\u00e9o ? Certaines gal\u00e8res sont courantes, mais elles peuvent \u00eatre \u00e9vit\u00e9es avec un peu de pr\u00e9paration. Dans cet article, je te d\u00e9voile les 5 erreurs en rando qui sont assez fr\u00e9quentes et surtout, comment les \u00e9viter. Alors si jamais tu te retrouves dans l\u2019une de ces situations\u2026 pas de panique, je t\u2019explique quoi faire pour g\u00e9rer la situation et continuer l\u2019aventure sereinement&nbsp;<\/p>\n\n\n\n<h2 class=\"wp-block-heading\">1. Se perdre en chemin ?<\/h2>\n\n\n\n<p>Se perdre est sans doute l\u2019une des pires exp\u00e9riences en randonn\u00e9e. Un mauvais sentier, un balisage effac\u00e9 ou une simple inattention, et c\u2019est la panique.<\/p>\n\n\n\n<p><strong>\u2705<\/strong><strong> Comment l\u2019\u00e9viter ?<\/strong><\/p>\n\n\n\n<ul class=\"wp-block-list\">\n<li>Toujours \u00e9tudier l\u2019itin\u00e9raire \u00e0 l\u2019avance et t\u00e9l\u00e9charger une carte hors ligne (il existe plein d\u2019application tel que <a href=\"https:\/\/www.decathlon-outdoor.com\/fr-fr\">Decathlon Outdoor<\/a>, <a href=\"https:\/\/www.outdooractive.com\/fr\/\">OutdoorActive<\/a>\u2026)<\/li>\n\n\n\n<li>Emporter une boussole et savoir s\u2019en servir.<\/li>\n\n\n\n<li>V\u00e9rifier r\u00e9guli\u00e8rement le balisage.<\/li>\n\n\n\n<li>Informer quelqu\u2019un de son itin\u00e9raire et de son heure de retour estim\u00e9e.<\/li>\n<\/ul>\n\n\n\n<p><strong>&nbsp;Et si \u00e7a arrive quand m\u00eame ?<\/strong><\/p>\n\n\n\n<ul class=\"wp-block-list\">\n<li>Ne pas paniquer et analyser la situation.<\/li>\n\n\n\n<li>Revenir au dernier point connu.<\/li>\n\n\n\n<li>Si besoin, utiliser une application GPS pour retrouver son chemin.<\/li>\n\n\n\n<li>En cas de doute, rester sur place et appeler les secours si n\u00e9cessaire.<\/li>\n<\/ul>\n\n\n\n<figure class=\"wp-block-image\"><img decoding=\"async\" src=\"https:\/\/lafilledesalpes.com\/wp-content\/uploads\/2024\/12\/935A6865.webp\" alt=\"\"\/><\/figure>\n\n\n\n<p><\/p>\n\n\n\n<h2 class=\"wp-block-heading\">2. La m\u00e9t\u00e9o capricieuse \u2614<\/h2>\n\n\n\n<p>Un beau soleil au d\u00e9part ne signifie pas que le temps restera cl\u00e9ment toute la journ\u00e9e. En montagne, la m\u00e9t\u00e9o peut changer en quelques minutes.<\/p>\n\n\n\n<p><strong>\u2705<\/strong><strong> Comment l\u2019\u00e9viter ?<\/strong><\/p>\n\n\n\n<ul class=\"wp-block-list\">\n<li>V\u00e9rifier la m\u00e9t\u00e9o avant de partir et adapter son itin\u00e9raire en cons\u00e9quence.<\/li>\n\n\n\n<li>Toujours emporter un v\u00eatement de pluie, m\u00eame par temps clair.<\/li>\n\n\n\n<li>Pr\u00e9voir des v\u00eatements chauds en cas de chute de temp\u00e9rature. En effet, il y a souvent du vent aux sommets et aux cols de montagne, dans ce cas une doudoune est toujours appr\u00e9ciable.<\/li>\n<\/ul>\n\n\n\n<p><strong>Et si \u00e7a arrive quand m\u00eame ?<\/strong><\/p>\n\n\n\n<ul class=\"wp-block-list\">\n<li>Trouver un abri naturel (for\u00eat, surplomb rocheux) si possible.<\/li>\n\n\n\n<li>En cas d\u2019orage, \u00e9viter les cr\u00eates et les zones d\u00e9gag\u00e9es.<\/li>\n\n\n\n<li>Ne pas h\u00e9siter \u00e0 rebrousser chemin si les conditions deviennent trop dangereuses.<\/li>\n<\/ul>\n\n\n\n<figure class=\"wp-block-image\"><img decoding=\"async\" src=\"https:\/\/lafilledesalpes.com\/wp-content\/uploads\/2025\/04\/935A9860.webp\" alt=\"randonneuse qui pose devant un coucher de soleil en montagne\"\/><\/figure>\n\n\n\n<p><\/p>\n\n\n\n<h2 class=\"wp-block-heading\">3. Les ampoules aux pieds ?<\/h2>\n\n\n\n<p>Rien de pire que des ampoules pour g\u00e2cher une rando ! Une chaussure mal adapt\u00e9e ou des chaussettes inadapt\u00e9es, et c\u2019est l\u2019enfer.<\/p>\n\n\n\n<p><strong>\u2705<\/strong><strong> Comment l\u2019\u00e9viter ?<\/strong><\/p>\n\n\n\n<ul class=\"wp-block-list\">\n<li>Porter des chaussures d\u00e9j\u00e0 rod\u00e9es, adapt\u00e9es au terrain.<\/li>\n\n\n\n<li>Utiliser des chaussettes techniques anti-frottement.<\/li>\n\n\n\n<li>Appliquer du talc ou de la cr\u00e8me anti-frottement sur les zones sensibles.<\/li>\n<\/ul>\n\n\n\n<p><strong>Et si \u00e7a arrive quand m\u00eame ?<\/strong><\/p>\n\n\n\n<ul class=\"wp-block-list\">\n<li>Appliquer un pansement sp\u00e9cifique d\u00e8s l\u2019apparition d\u2019une douleur (toujours avoir un <a href=\"https:\/\/www.decathlon.fr\/brands\/compeed\">pansement Compeed<\/a> dans son sac \u00e0 dos : \u00e7a sauve des randos !).<\/li>\n\n\n\n<li>R\u00e9ajuster les lacets pour limiter les frottements.<\/li>\n\n\n\n<li>Faire des pauses r\u00e9guli\u00e8res pour laisser respirer les pieds.<\/li>\n<\/ul>\n\n\n\n<figure class=\"wp-block-image\"><img decoding=\"async\" src=\"https:\/\/lafilledesalpes.com\/wp-content\/uploads\/2024\/07\/935A7156-2.jpg\" alt=\"lac bleu turquoise en montagne\"\/><\/figure>\n\n\n\n<p><\/p>\n\n\n\n<h2 class=\"wp-block-heading\">4. Ne plus avoir d\u2019eau ?<\/h2>\n\n\n\n<p>Se retrouver sans eau en pleine rando, c\u2019est non seulement d\u00e9sagr\u00e9able, mais aussi dangereux. C&#8217;est l&#8217;une des erreurs en rando qui est&nbsp; la plus compliqu\u00e9e \u00e0 g\u00e9rer.<\/p>\n\n\n\n<p><strong>\u2705<\/strong><strong> Comment l\u2019\u00e9viter ?<\/strong><\/p>\n\n\n\n<ul class=\"wp-block-list\">\n<li>Toujours emporter plus d\u2019eau que n\u00e9cessaire (au moins 1,5L par personne pour une randonn\u00e9e classique).<\/li>\n\n\n\n<li>V\u00e9rifier s\u2019il y a des points d\u2019eau sur le parcours.<\/li>\n\n\n\n<li>Utiliser une gourde filtrante en cas de besoin.<\/li>\n<\/ul>\n\n\n\n<p><strong>Et si \u00e7a arrive quand m\u00eame ?<\/strong><\/p>\n\n\n\n<ul class=\"wp-block-list\">\n<li>\u00c9viter tout effort physique intense pour limiter la transpiration.<\/li>\n\n\n\n<li>Chercher une source d\u2019eau (ruisseau, fontaine) et la purifier si n\u00e9cessaire.<\/li>\n\n\n\n<li>Demander de l\u2019eau \u00e0 d\u2019autres randonneurs.<\/li>\n<\/ul>\n\n\n\n<div class=\"wp-block-columns is-not-stacked-on-mobile is-layout-flex wp-container-core-columns-is-layout-3b693de2 wp-block-columns-is-layout-flex\">\n<div class=\"wp-block-column is-layout-flow wp-block-column-is-layout-flow\" style=\"flex-basis:50%\">\n<figure class=\"wp-block-image\"><img decoding=\"async\" src=\"https:\/\/lafilledesalpes.com\/wp-content\/uploads\/2025\/03\/IMG_0423-2.webp\" alt=\"Photo d'une gourde dans un environnement outdoor\"\/><\/figure>\n<\/div>\n\n\n\n<div class=\"wp-block-column is-layout-flow wp-block-column-is-layout-flow\" style=\"flex-basis:50%\">\n<figure class=\"wp-block-image\"><img decoding=\"async\" src=\"https:\/\/lafilledesalpes.com\/wp-content\/uploads\/2025\/03\/IMG_0444-2.webp\" alt=\"Photo d'une gourde dans un environnement outdoor\"\/><\/figure>\n<\/div>\n<\/div>\n\n\n\n<p>&nbsp;<\/p>\n\n\n\n<h2 class=\"wp-block-heading\">5. Un coup de barre en plein effort ?<\/h2>\n\n\n\n<p>La fatigue peut vite s\u2019installer en randonn\u00e9e, surtout si l\u2019effort est long et soutenu.<\/p>\n\n\n\n<p><strong>\u2705<\/strong><strong> Comment l\u2019\u00e9viter ?<\/strong><\/p>\n\n\n\n<ul class=\"wp-block-list\">\n<li>Manger un bon repas avant de partir, riche en glucides et en prot\u00e9ines.<\/li>\n\n\n\n<li>Emporter des encas \u00e9nerg\u00e9tiques : fruits secs, barres de c\u00e9r\u00e9ales, chocolat.<\/li>\n\n\n\n<li>Boire r\u00e9guli\u00e8rement pour \u00e9viter la d\u00e9shydratation.<\/li>\n<\/ul>\n\n\n\n<p><strong>Et si \u00e7a arrive quand m\u00eame ?<\/strong><\/p>\n\n\n\n<ul class=\"wp-block-list\">\n<li>Faire une pause et s\u2019hydrater.<\/li>\n\n\n\n<li>Manger un aliment riche en sucres rapides pour un coup de boost imm\u00e9diat.<\/li>\n\n\n\n<li>R\u00e9partir mieux ses efforts et adopter un rythme plus r\u00e9gulier.<\/li>\n<\/ul>\n\n\n\n<figure class=\"wp-block-image\"><img decoding=\"async\" src=\"https:\/\/lafilledesalpes.com\/wp-content\/uploads\/2025\/04\/935A7567.webp\" alt=\"paysage de montagne\"\/><\/figure>\n\n\n\n<p>La marche en pleine montagne c&#8217;est une aventure incroyable, mais mieux vaut partir pr\u00e9par\u00e9 pour \u00e9viter les classiques erreurs en rando. En adoptant quelques bonnes pratiques, tu pourras profiter pleinement de tes sorties en pleine nature, sans stress ni gal\u00e8re.&nbsp;<\/p>\n\n\n\n<p>D&#8217;ailleurs, tu peux retrouver sur ce blog plein d&#8217;itin\u00e9raires dans les rubriques suivantes :&nbsp;<\/p>\n\n\n\n<ul class=\"wp-block-list\">\n<li><a href=\"https:\/\/lafilledesalpes.com\/index.php\/category\/blog-rando-road-trip\/trek-randonnee\/randonnee\/\">Randonn\u00e9e<\/a><\/li>\n\n\n\n<li><a href=\"https:\/\/lafilledesalpes.com\/index.php\/category\/blog-rando-road-trip\/trek-randonnee\/trek-bivouac\/\">Trek &amp; Bivouac<\/a><\/li>\n<\/ul>\n\n\n\n<p>Alors, pr\u00eat(e) \u00e0 partir \u00e0 l\u2019aventure en toute s\u00e9r\u00e9nit\u00e9 ?&nbsp;<\/p>\n","protected":false},"excerpt":{"rendered":"<p>Tips, conseils pratiques&#8230; et solutions !<\/p>\n","protected":false},"author":1,"featured_media":4309,"comment_status":"open","ping_status":"open","sticky":false,"template":"","format":"standard","meta":{"_acf_changed":false,"pgc_sgb_lightbox_settings":"","footnotes":""},"categories":[95,107,131,94,119],"tags":[],"class_list":["post-4303","post","type-post","status-publish","format-standard","has-post-thumbnail","hentry","category-alpes-francaises","category-conseils-et-equipement","category-conseils-rando","category-randonnees","category-type"],"acf":[],"yoast_head":"<!-- This site is optimized with the Yoast SEO plugin v27.4 - https:\/\/yoast.com\/product\/yoast-seo-wordpress\/ -->\n<title>Les 5 erreurs les plus courantes en rando (et comment les \u00e9viter)<\/title>\n<meta name=\"description\" content=\"\u00c9vite les erreurs classiques en rando ! Se perdre, manquer d\u2019eau\u2026 D\u00e9couvre comment pr\u00e9venir ces gal\u00e8res et quoi faire si \u00e7a t\u2019arrive.\" \/>\n<meta name=\"robots\" content=\"index, follow, max-snippet:-1, max-image-preview:large, max-video-preview:-1\" \/>\n<link rel=\"canonical\" href=\"https:\/\/lafilledesalpes.com\/index.php\/2025\/04\/02\/les-5-erreurs-les-plus-courantes-en-randonnee-et-comment-les-eviter\/\" \/>\n<meta property=\"og:locale\" content=\"fr_FR\" \/>\n<meta property=\"og:type\" content=\"article\" \/>\n<meta property=\"og:title\" content=\"Les 5 erreurs les plus courantes en rando (et comment les \u00e9viter)\" \/>\n<meta property=\"og:description\" content=\"\u00c9vite les erreurs classiques en rando ! Se perdre, manquer d\u2019eau\u2026 D\u00e9couvre comment pr\u00e9venir ces gal\u00e8res et quoi faire si \u00e7a t\u2019arrive.\" \/>\n<meta property=\"og:url\" content=\"https:\/\/lafilledesalpes.com\/index.php\/2025\/04\/02\/les-5-erreurs-les-plus-courantes-en-randonnee-et-comment-les-eviter\/\" \/>\n<meta property=\"og:site_name\" content=\"La Fille des Alpes\" \/>\n<meta property=\"article:published_time\" content=\"2025-04-02T08:41:18+00:00\" \/>\n<meta property=\"article:modified_time\" content=\"2026-04-27T13:44:17+00:00\" \/>\n<meta property=\"og:image\" content=\"https:\/\/lafilledesalpes.com\/wp-content\/uploads\/2025\/04\/935A9833.webp\" \/>\n\t<meta property=\"og:image:width\" content=\"2000\" \/>\n\t<meta property=\"og:image:height\" content=\"1333\" \/>\n\t<meta property=\"og:image:type\" content=\"image\/webp\" \/>\n<meta name=\"author\" content=\"lafilledesalpes\" \/>\n<meta name=\"twitter:card\" content=\"summary_large_image\" \/>\n<meta name=\"twitter:label1\" content=\"\u00c9crit par\" \/>\n\t<meta name=\"twitter:data1\" content=\"lafilledesalpes\" \/>\n\t<meta name=\"twitter:label2\" content=\"Dur\u00e9e de lecture estim\u00e9e\" \/>\n\t<meta name=\"twitter:data2\" content=\"5 minutes\" \/>\n<script type=\"application\/ld+json\" class=\"yoast-schema-graph\">{\"@context\":\"https:\\\/\\\/schema.org\",\"@graph\":[{\"@type\":\"Article\",\"@id\":\"https:\\\/\\\/lafilledesalpes.com\\\/index.php\\\/2025\\\/04\\\/02\\\/les-5-erreurs-les-plus-courantes-en-randonnee-et-comment-les-eviter\\\/#article\",\"isPartOf\":{\"@id\":\"https:\\\/\\\/lafilledesalpes.com\\\/index.php\\\/2025\\\/04\\\/02\\\/les-5-erreurs-les-plus-courantes-en-randonnee-et-comment-les-eviter\\\/\"},\"author\":{\"name\":\"lafilledesalpes\",\"@id\":\"https:\\\/\\\/lafilledesalpes.com\\\/#\\\/schema\\\/person\\\/39460442cd595f31ae42021c980ad6e0\"},\"headline\":\"Les 5 erreurs les plus courantes en randonn\u00e9e (et comment les \u00e9viter)\",\"datePublished\":\"2025-04-02T08:41:18+00:00\",\"dateModified\":\"2026-04-27T13:44:17+00:00\",\"mainEntityOfPage\":{\"@id\":\"https:\\\/\\\/lafilledesalpes.com\\\/index.php\\\/2025\\\/04\\\/02\\\/les-5-erreurs-les-plus-courantes-en-randonnee-et-comment-les-eviter\\\/\"},\"wordCount\":822,\"commentCount\":0,\"publisher\":{\"@id\":\"https:\\\/\\\/lafilledesalpes.com\\\/#organization\"},\"image\":{\"@id\":\"https:\\\/\\\/lafilledesalpes.com\\\/index.php\\\/2025\\\/04\\\/02\\\/les-5-erreurs-les-plus-courantes-en-randonnee-et-comment-les-eviter\\\/#primaryimage\"},\"thumbnailUrl\":\"https:\\\/\\\/lafilledesalpes.com\\\/wp-content\\\/uploads\\\/2025\\\/04\\\/935A9833.webp\",\"articleSection\":[\"Alpes fran\u00e7aises\",\"Conseils et \u00e9quipement\",\"Conseils rando\",\"Randonn\u00e9es\",\"Type\"],\"inLanguage\":\"fr-FR\",\"potentialAction\":[{\"@type\":\"CommentAction\",\"name\":\"Comment\",\"target\":[\"https:\\\/\\\/lafilledesalpes.com\\\/index.php\\\/2025\\\/04\\\/02\\\/les-5-erreurs-les-plus-courantes-en-randonnee-et-comment-les-eviter\\\/#respond\"]}]},{\"@type\":\"WebPage\",\"@id\":\"https:\\\/\\\/lafilledesalpes.com\\\/index.php\\\/2025\\\/04\\\/02\\\/les-5-erreurs-les-plus-courantes-en-randonnee-et-comment-les-eviter\\\/\",\"url\":\"https:\\\/\\\/lafilledesalpes.com\\\/index.php\\\/2025\\\/04\\\/02\\\/les-5-erreurs-les-plus-courantes-en-randonnee-et-comment-les-eviter\\\/\",\"name\":\"Les 5 erreurs les plus courantes en rando (et comment les \u00e9viter)\",\"isPartOf\":{\"@id\":\"https:\\\/\\\/lafilledesalpes.com\\\/#website\"},\"primaryImageOfPage\":{\"@id\":\"https:\\\/\\\/lafilledesalpes.com\\\/index.php\\\/2025\\\/04\\\/02\\\/les-5-erreurs-les-plus-courantes-en-randonnee-et-comment-les-eviter\\\/#primaryimage\"},\"image\":{\"@id\":\"https:\\\/\\\/lafilledesalpes.com\\\/index.php\\\/2025\\\/04\\\/02\\\/les-5-erreurs-les-plus-courantes-en-randonnee-et-comment-les-eviter\\\/#primaryimage\"},\"thumbnailUrl\":\"https:\\\/\\\/lafilledesalpes.com\\\/wp-content\\\/uploads\\\/2025\\\/04\\\/935A9833.webp\",\"datePublished\":\"2025-04-02T08:41:18+00:00\",\"dateModified\":\"2026-04-27T13:44:17+00:00\",\"description\":\"\u00c9vite les erreurs classiques en rando ! Se perdre, manquer d\u2019eau\u2026 D\u00e9couvre comment pr\u00e9venir ces gal\u00e8res et quoi faire si \u00e7a t\u2019arrive.\",\"breadcrumb\":{\"@id\":\"https:\\\/\\\/lafilledesalpes.com\\\/index.php\\\/2025\\\/04\\\/02\\\/les-5-erreurs-les-plus-courantes-en-randonnee-et-comment-les-eviter\\\/#breadcrumb\"},\"inLanguage\":\"fr-FR\",\"potentialAction\":[{\"@type\":\"ReadAction\",\"target\":[\"https:\\\/\\\/lafilledesalpes.com\\\/index.php\\\/2025\\\/04\\\/02\\\/les-5-erreurs-les-plus-courantes-en-randonnee-et-comment-les-eviter\\\/\"]}]},{\"@type\":\"ImageObject\",\"inLanguage\":\"fr-FR\",\"@id\":\"https:\\\/\\\/lafilledesalpes.com\\\/index.php\\\/2025\\\/04\\\/02\\\/les-5-erreurs-les-plus-courantes-en-randonnee-et-comment-les-eviter\\\/#primaryimage\",\"url\":\"https:\\\/\\\/lafilledesalpes.com\\\/wp-content\\\/uploads\\\/2025\\\/04\\\/935A9833.webp\",\"contentUrl\":\"https:\\\/\\\/lafilledesalpes.com\\\/wp-content\\\/uploads\\\/2025\\\/04\\\/935A9833.webp\",\"width\":2000,\"height\":1333,\"caption\":\"paysage de montagne au coucher de soleil avec une randonneuse devant\"},{\"@type\":\"BreadcrumbList\",\"@id\":\"https:\\\/\\\/lafilledesalpes.com\\\/index.php\\\/2025\\\/04\\\/02\\\/les-5-erreurs-les-plus-courantes-en-randonnee-et-comment-les-eviter\\\/#breadcrumb\",\"itemListElement\":[{\"@type\":\"ListItem\",\"position\":1,\"name\":\"Accueil\",\"item\":\"https:\\\/\\\/lafilledesalpes.com\\\/\"},{\"@type\":\"ListItem\",\"position\":2,\"name\":\"Les 5 erreurs les plus courantes en randonn\u00e9e (et comment les \u00e9viter)\"}]},{\"@type\":\"WebSite\",\"@id\":\"https:\\\/\\\/lafilledesalpes.com\\\/#website\",\"url\":\"https:\\\/\\\/lafilledesalpes.com\\\/\",\"name\":\"La fille des Alpes\",\"description\":\"Aventures, Road-trip &amp; Montagne\",\"publisher\":{\"@id\":\"https:\\\/\\\/lafilledesalpes.com\\\/#organization\"},\"potentialAction\":[{\"@type\":\"SearchAction\",\"target\":{\"@type\":\"EntryPoint\",\"urlTemplate\":\"https:\\\/\\\/lafilledesalpes.com\\\/?s={search_term_string}\"},\"query-input\":{\"@type\":\"PropertyValueSpecification\",\"valueRequired\":true,\"valueName\":\"search_term_string\"}}],\"inLanguage\":\"fr-FR\"},{\"@type\":\"Organization\",\"@id\":\"https:\\\/\\\/lafilledesalpes.com\\\/#organization\",\"name\":\"La fille des Alpes\",\"url\":\"https:\\\/\\\/lafilledesalpes.com\\\/\",\"logo\":{\"@type\":\"ImageObject\",\"inLanguage\":\"fr-FR\",\"@id\":\"https:\\\/\\\/lafilledesalpes.com\\\/#\\\/schema\\\/logo\\\/image\\\/\",\"url\":\"https:\\\/\\\/lafilledesalpes.com\\\/wp-content\\\/uploads\\\/2024\\\/10\\\/La-fille-des-Alpes-LOGO-sans-texte.png\",\"contentUrl\":\"https:\\\/\\\/lafilledesalpes.com\\\/wp-content\\\/uploads\\\/2024\\\/10\\\/La-fille-des-Alpes-LOGO-sans-texte.png\",\"width\":1181,\"height\":1181,\"caption\":\"La fille des Alpes\"},\"image\":{\"@id\":\"https:\\\/\\\/lafilledesalpes.com\\\/#\\\/schema\\\/logo\\\/image\\\/\"}},{\"@type\":\"Person\",\"@id\":\"https:\\\/\\\/lafilledesalpes.com\\\/#\\\/schema\\\/person\\\/39460442cd595f31ae42021c980ad6e0\",\"name\":\"lafilledesalpes\",\"image\":{\"@type\":\"ImageObject\",\"inLanguage\":\"fr-FR\",\"@id\":\"https:\\\/\\\/secure.gravatar.com\\\/avatar\\\/7182954d4e69b1f10e7cd6edd716f87c90012fe7e0eae1bfa127fa8ae7d0bf63?s=96&d=mm&r=g\",\"url\":\"https:\\\/\\\/secure.gravatar.com\\\/avatar\\\/7182954d4e69b1f10e7cd6edd716f87c90012fe7e0eae1bfa127fa8ae7d0bf63?s=96&d=mm&r=g\",\"contentUrl\":\"https:\\\/\\\/secure.gravatar.com\\\/avatar\\\/7182954d4e69b1f10e7cd6edd716f87c90012fe7e0eae1bfa127fa8ae7d0bf63?s=96&d=mm&r=g\",\"caption\":\"lafilledesalpes\"},\"sameAs\":[\"http:\\\/\\\/lafilledesalpes.com\"],\"url\":\"https:\\\/\\\/lafilledesalpes.com\\\/index.php\\\/author\\\/admin1812\\\/\"}]}<\/script>\n<!-- \/ Yoast SEO plugin. -->","yoast_head_json":{"title":"Les 5 erreurs les plus courantes en rando (et comment les \u00e9viter)","description":"\u00c9vite les erreurs classiques en rando ! Se perdre, manquer d\u2019eau\u2026 D\u00e9couvre comment pr\u00e9venir ces gal\u00e8res et quoi faire si \u00e7a t\u2019arrive.","robots":{"index":"index","follow":"follow","max-snippet":"max-snippet:-1","max-image-preview":"max-image-preview:large","max-video-preview":"max-video-preview:-1"},"canonical":"https:\/\/lafilledesalpes.com\/index.php\/2025\/04\/02\/les-5-erreurs-les-plus-courantes-en-randonnee-et-comment-les-eviter\/","og_locale":"fr_FR","og_type":"article","og_title":"Les 5 erreurs les plus courantes en rando (et comment les \u00e9viter)","og_description":"\u00c9vite les erreurs classiques en rando ! Se perdre, manquer d\u2019eau\u2026 D\u00e9couvre comment pr\u00e9venir ces gal\u00e8res et quoi faire si \u00e7a t\u2019arrive.","og_url":"https:\/\/lafilledesalpes.com\/index.php\/2025\/04\/02\/les-5-erreurs-les-plus-courantes-en-randonnee-et-comment-les-eviter\/","og_site_name":"La Fille des Alpes","article_published_time":"2025-04-02T08:41:18+00:00","article_modified_time":"2026-04-27T13:44:17+00:00","og_image":[{"width":2000,"height":1333,"url":"https:\/\/lafilledesalpes.com\/wp-content\/uploads\/2025\/04\/935A9833.webp","type":"image\/webp"}],"author":"lafilledesalpes","twitter_card":"summary_large_image","twitter_misc":{"\u00c9crit par":"lafilledesalpes","Dur\u00e9e de lecture estim\u00e9e":"5 minutes"},"schema":{"@context":"https:\/\/schema.org","@graph":[{"@type":"Article","@id":"https:\/\/lafilledesalpes.com\/index.php\/2025\/04\/02\/les-5-erreurs-les-plus-courantes-en-randonnee-et-comment-les-eviter\/#article","isPartOf":{"@id":"https:\/\/lafilledesalpes.com\/index.php\/2025\/04\/02\/les-5-erreurs-les-plus-courantes-en-randonnee-et-comment-les-eviter\/"},"author":{"name":"lafilledesalpes","@id":"https:\/\/lafilledesalpes.com\/#\/schema\/person\/39460442cd595f31ae42021c980ad6e0"},"headline":"Les 5 erreurs les plus courantes en randonn\u00e9e (et comment les \u00e9viter)","datePublished":"2025-04-02T08:41:18+00:00","dateModified":"2026-04-27T13:44:17+00:00","mainEntityOfPage":{"@id":"https:\/\/lafilledesalpes.com\/index.php\/2025\/04\/02\/les-5-erreurs-les-plus-courantes-en-randonnee-et-comment-les-eviter\/"},"wordCount":822,"commentCount":0,"publisher":{"@id":"https:\/\/lafilledesalpes.com\/#organization"},"image":{"@id":"https:\/\/lafilledesalpes.com\/index.php\/2025\/04\/02\/les-5-erreurs-les-plus-courantes-en-randonnee-et-comment-les-eviter\/#primaryimage"},"thumbnailUrl":"https:\/\/lafilledesalpes.com\/wp-content\/uploads\/2025\/04\/935A9833.webp","articleSection":["Alpes fran\u00e7aises","Conseils et \u00e9quipement","Conseils rando","Randonn\u00e9es","Type"],"inLanguage":"fr-FR","potentialAction":[{"@type":"CommentAction","name":"Comment","target":["https:\/\/lafilledesalpes.com\/index.php\/2025\/04\/02\/les-5-erreurs-les-plus-courantes-en-randonnee-et-comment-les-eviter\/#respond"]}]},{"@type":"WebPage","@id":"https:\/\/lafilledesalpes.com\/index.php\/2025\/04\/02\/les-5-erreurs-les-plus-courantes-en-randonnee-et-comment-les-eviter\/","url":"https:\/\/lafilledesalpes.com\/index.php\/2025\/04\/02\/les-5-erreurs-les-plus-courantes-en-randonnee-et-comment-les-eviter\/","name":"Les 5 erreurs les plus courantes en rando (et comment les \u00e9viter)","isPartOf":{"@id":"https:\/\/lafilledesalpes.com\/#website"},"primaryImageOfPage":{"@id":"https:\/\/lafilledesalpes.com\/index.php\/2025\/04\/02\/les-5-erreurs-les-plus-courantes-en-randonnee-et-comment-les-eviter\/#primaryimage"},"image":{"@id":"https:\/\/lafilledesalpes.com\/index.php\/2025\/04\/02\/les-5-erreurs-les-plus-courantes-en-randonnee-et-comment-les-eviter\/#primaryimage"},"thumbnailUrl":"https:\/\/lafilledesalpes.com\/wp-content\/uploads\/2025\/04\/935A9833.webp","datePublished":"2025-04-02T08:41:18+00:00","dateModified":"2026-04-27T13:44:17+00:00","description":"\u00c9vite les erreurs classiques en rando ! Se perdre, manquer d\u2019eau\u2026 D\u00e9couvre comment pr\u00e9venir ces gal\u00e8res et quoi faire si \u00e7a t\u2019arrive.","breadcrumb":{"@id":"https:\/\/lafilledesalpes.com\/index.php\/2025\/04\/02\/les-5-erreurs-les-plus-courantes-en-randonnee-et-comment-les-eviter\/#breadcrumb"},"inLanguage":"fr-FR","potentialAction":[{"@type":"ReadAction","target":["https:\/\/lafilledesalpes.com\/index.php\/2025\/04\/02\/les-5-erreurs-les-plus-courantes-en-randonnee-et-comment-les-eviter\/"]}]},{"@type":"ImageObject","inLanguage":"fr-FR","@id":"https:\/\/lafilledesalpes.com\/index.php\/2025\/04\/02\/les-5-erreurs-les-plus-courantes-en-randonnee-et-comment-les-eviter\/#primaryimage","url":"https:\/\/lafilledesalpes.com\/wp-content\/uploads\/2025\/04\/935A9833.webp","contentUrl":"https:\/\/lafilledesalpes.com\/wp-content\/uploads\/2025\/04\/935A9833.webp","width":2000,"height":1333,"caption":"paysage de montagne au coucher de soleil avec une randonneuse devant"},{"@type":"BreadcrumbList","@id":"https:\/\/lafilledesalpes.com\/index.php\/2025\/04\/02\/les-5-erreurs-les-plus-courantes-en-randonnee-et-comment-les-eviter\/#breadcrumb","itemListElement":[{"@type":"ListItem","position":1,"name":"Accueil","item":"https:\/\/lafilledesalpes.com\/"},{"@type":"ListItem","position":2,"name":"Les 5 erreurs les plus courantes en randonn\u00e9e (et comment les \u00e9viter)"}]},{"@type":"WebSite","@id":"https:\/\/lafilledesalpes.com\/#website","url":"https:\/\/lafilledesalpes.com\/","name":"La fille des Alpes","description":"Aventures, Road-trip &amp; Montagne","publisher":{"@id":"https:\/\/lafilledesalpes.com\/#organization"},"potentialAction":[{"@type":"SearchAction","target":{"@type":"EntryPoint","urlTemplate":"https:\/\/lafilledesalpes.com\/?s={search_term_string}"},"query-input":{"@type":"PropertyValueSpecification","valueRequired":true,"valueName":"search_term_string"}}],"inLanguage":"fr-FR"},{"@type":"Organization","@id":"https:\/\/lafilledesalpes.com\/#organization","name":"La fille des Alpes","url":"https:\/\/lafilledesalpes.com\/","logo":{"@type":"ImageObject","inLanguage":"fr-FR","@id":"https:\/\/lafilledesalpes.com\/#\/schema\/logo\/image\/","url":"https:\/\/lafilledesalpes.com\/wp-content\/uploads\/2024\/10\/La-fille-des-Alpes-LOGO-sans-texte.png","contentUrl":"https:\/\/lafilledesalpes.com\/wp-content\/uploads\/2024\/10\/La-fille-des-Alpes-LOGO-sans-texte.png","width":1181,"height":1181,"caption":"La fille des Alpes"},"image":{"@id":"https:\/\/lafilledesalpes.com\/#\/schema\/logo\/image\/"}},{"@type":"Person","@id":"https:\/\/lafilledesalpes.com\/#\/schema\/person\/39460442cd595f31ae42021c980ad6e0","name":"lafilledesalpes","image":{"@type":"ImageObject","inLanguage":"fr-FR","@id":"https:\/\/secure.gravatar.com\/avatar\/7182954d4e69b1f10e7cd6edd716f87c90012fe7e0eae1bfa127fa8ae7d0bf63?s=96&d=mm&r=g","url":"https:\/\/secure.gravatar.com\/avatar\/7182954d4e69b1f10e7cd6edd716f87c90012fe7e0eae1bfa127fa8ae7d0bf63?s=96&d=mm&r=g","contentUrl":"https:\/\/secure.gravatar.com\/avatar\/7182954d4e69b1f10e7cd6edd716f87c90012fe7e0eae1bfa127fa8ae7d0bf63?s=96&d=mm&r=g","caption":"lafilledesalpes"},"sameAs":["http:\/\/lafilledesalpes.com"],"url":"https:\/\/lafilledesalpes.com\/index.php\/author\/admin1812\/"}]}},"_links":{"self":[{"href":"https:\/\/lafilledesalpes.com\/index.php\/wp-json\/wp\/v2\/posts\/4303","targetHints":{"allow":["GET"]}}],"collection":[{"href":"https:\/\/lafilledesalpes.com\/index.php\/wp-json\/wp\/v2\/posts"}],"about":[{"href":"https:\/\/lafilledesalpes.com\/index.php\/wp-json\/wp\/v2\/types\/post"}],"author":[{"embeddable":true,"href":"https:\/\/lafilledesalpes.com\/index.php\/wp-json\/wp\/v2\/users\/1"}],"replies":[{"embeddable":true,"href":"https:\/\/lafilledesalpes.com\/index.php\/wp-json\/wp\/v2\/comments?post=4303"}],"version-history":[{"count":0,"href":"https:\/\/lafilledesalpes.com\/index.php\/wp-json\/wp\/v2\/posts\/4303\/revisions"}],"wp:featuredmedia":[{"embeddable":true,"href":"https:\/\/lafilledesalpes.com\/index.php\/wp-json\/wp\/v2\/media\/4309"}],"wp:attachment":[{"href":"https:\/\/lafilledesalpes.com\/index.php\/wp-json\/wp\/v2\/media?parent=4303"}],"wp:term":[{"taxonomy":"category","embeddable":true,"href":"https:\/\/lafilledesalpes.com\/index.php\/wp-json\/wp\/v2\/categories?post=4303"},{"taxonomy":"post_tag","embeddable":true,"href":"https:\/\/lafilledesalpes.com\/index.php\/wp-json\/wp\/v2\/tags?post=4303"}],"curies":[{"name":"wp","href":"https:\/\/api.w.org\/{rel}","templated":true}]}}